{"id":84167,"date":"2005-12-05T20:12:41","date_gmt":"2005-12-05T19:12:41","guid":{"rendered":"https:\/\/mediarun.com\/index.php\/news-posts\/porozumienie-polskiej-izby-komunikacji-i-tvp\/"},"modified":"2005-12-05T20:12:41","modified_gmt":"2005-12-05T19:12:41","slug":"porozumienie-polskiej-izby-komunikacji-i-tvp","status":"publish","type":"post","link":"https:\/\/mediarun.com\/pl\/media\/tv\/porozumienie-polskiej-izby-komunikacji-i-tvp.html","title":{"rendered":"Porozumienie Polskiej Izby Komunikacji i TVP"},"content":{"rendered":"<p>&#8222;Podpisanie przez TVP S.A. porozumienia w kszta\u0142cie zaproponowanym przez PIKE jest du\u017cym sukcesem naszej Izby. Po raz kolejny potwierdzamy skuteczno\u015b\u0107 naszych dzia\u0142a\u0144, przynosz\u0105cych po\u017cytek wszystkim uczestnikom rynku. To oraz podpisane wcze\u015bniej przez Izb\u0119 podobne porozumienia z najwi\u0119kszymi polskimi nadawcami prywatnymi &#8211; Telewizj\u0105 Polsat oraz TVN, stanowi\u0105 dow\u00f3d, \u017ce umiemy zadba\u0107 o interes abonent\u00f3w naszych cz\u0142onk\u00f3w a jednocze\u015bnie dzia\u0142a\u0107 na rzecz wszystkich uczestnik\u00f3w rynku medialnego. Wierz\u0119, \u017ce tak\u017ce na potrzeby reemisji innych kana\u0142\u00f3w tematycznych TVP S.A. uda nam si\u0119 doj\u015b\u0107 do porozumienia, kt\u00f3re szanowa\u0107 b\u0119dzie obowi\u0105zuj\u0105cy i po\u017c\u0105dany \u0142ad prawny.&#8221; &#8211; powiedzia\u0142 Jerzy Straszewski, Prezes Zarz\u0105du PIKE. <\/p>\n<p>&#8222;Decyzja zarz\u0105du PIKE jest optymistyczna, bo otwiera naszym widzom zdecydowanie \u0142atwiejszy dost\u0119p do TVP Kultura, a tak\u017ce &#8211; jak mo\u017cna mie\u0107 nadziej\u0119 &#8211; do nast\u0119pnych przygotowywanych przez TVP SA kana\u0142\u00f3w tematycznych. Bardzo si\u0119 ciesz\u0119, \u017ce uda\u0142o si\u0119 przeci\u0105\u0107 ten niepotrzebny sp\u00f3r, a jednocze\u015bnie podpisa\u0107 umowy, kt\u00f3re gwarantuj\u0105 zgodne z prawem zwi\u0119kszenie dost\u0119pno\u015bci telewizji publicznej docieraj\u0105cej do wielu odbiorc\u00f3w przy pomocy sieci kablowych. Ciesz\u0119 si\u0119 tak\u017ce z tego, \u017ce nasze programy b\u0119d\u0105 reemitowane z poszanowaniem um\u00f3w ze stowarzyszeniami tw\u00f3rczymi, kt\u00f3re reprezentuj\u0105 polskich i zagranicznych autor\u00f3w i wykonawc\u00f3w. Wierz\u0119, \u017ce dla wielu widz\u00f3w nasza umowa oznacza mi\u0142y podarunek pod choink\u0119 &#8211; kana\u0142 TVP Kultura&#8221; na ekranach telewizor\u00f3w.&#8221; &#8211; powiedzia\u0142 Jan Dworak, Prezes Zarz\u0105du TVP S.A. <\/p>\n<p>Polska Izba Komunikacji Elektronicznej (PIKE) zrzesza 136 firm &#8211; operator\u00f3w szerokopasmowej komunikacji elektronicznej oraz producent\u00f3w i dystrybutor\u00f3w sprz\u0119tu i us\u0142ug wykorzystywanych przez operator\u00f3w w ich dzia\u0142alno\u015bci biznesowej. Cz\u0142onkami PIKE jest 115 operator\u00f3w &#8211; w tym najwi\u0119ksze krajowe firmy, kt\u00f3rzy obs\u0142uguj\u0105 \u0142\u0105cznie ponad 3,8 miliona abonent\u00f3w (75% rynku). PIKE wspomaga cz\u0142onk\u00f3w w ich codziennej dzia\u0142alno\u015bci biznesowej, reprezentuj\u0105c ich interesy w relacjach z instytucjami legislacyjnymi, Parlamentem, Prezydentem oraz wieloma wsp\u00f3\u0142uczestnikami i regulatorami rynku. Wsp\u00f3\u0142pracuje przy powstawaniu ustaw reguluj\u0105cych dzia\u0142alno\u015b\u0107 bran\u017cy, takich jak ustawa o radiofonii i telewizji, prawo telekomunikacyjne oraz ustawy o prawie autorskim i o kinematografii. PIKE jest przedstawicielem bran\u017cy wobec jej najwa\u017cniejszych partner\u00f3w biznesowych, np. nadawc\u00f3w i organizacji zbiorowego zarz\u0105dzania prawami autorskimi oraz wobec partner\u00f3w bran\u017cowych, jakimi s\u0105 inne organizacje samorz\u0105du gospodarczego z Polski i zagranicy.<\/p>\n","protected":false},"excerpt":{"rendered":"Telewizja Polska S.A. wyrazi\u0142a zgod\u0119 na nieodp\u0142atne rozprowadzanie w sieciach operator\u00f3w &#8211; cz\u0142onk\u00f3w Polskiej Izby Komunikacji Elektronicznej programu TVP Kultura. Podpisano porozumienie, kt\u00f3re otwiera drog\u0119 do obecno\u015bci tego programu w blisko 4 milionach gospodarstw domowych wyposa\u017conych w telewizj\u0119 kablow\u0105. W miar\u0119 posiadanych przez poszczeg\u00f3lnych operator\u00f3w mo\u017cliwo\u015bci prawnych i technicznych, program TVP Kultura b\u0119dzie pojawi\u0107 si\u0119 w ich sieciach.","protected":false},"author":1,"featured_media":0,"comment_status":"open","ping_status":"closed","sticky":false,"template":"","format":"standard","meta":{"csco_display_header_overlay":false,"csco_singular_sidebar":"","csco_page_header_type":"","csco_page_load_nextpost":"","csco_post_video_location":[],"csco_post_video_location_hash":"","csco_post_video_url":"","csco_post_video_bg_start_time":0,"csco_post_video_bg_end_time":0,"footnotes":""},"categories":[9670],"tags":[],"class_list":{"0":"post-84167","1":"post","2":"type-post","3":"status-publish","4":"format-standard","6":"category-tv","7":"cs-entry","8":"cs-video-wrap"},"_links":{"self":[{"href":"https:\/\/mediarun.com\/pl\/wp-json\/wp\/v2\/posts\/84167","targetHints":{"allow":["GET"]}}],"collection":[{"href":"https:\/\/mediarun.com\/pl\/wp-json\/wp\/v2\/posts"}],"about":[{"href":"https:\/\/mediarun.com\/pl\/wp-json\/wp\/v2\/types\/post"}],"author":[{"embeddable":true,"href":"https:\/\/mediarun.com\/pl\/wp-json\/wp\/v2\/users\/1"}],"replies":[{"embeddable":true,"href":"https:\/\/mediarun.com\/pl\/wp-json\/wp\/v2\/comments?post=84167"}],"version-history":[{"count":0,"href":"https:\/\/mediarun.com\/pl\/wp-json\/wp\/v2\/posts\/84167\/revisions"}],"wp:attachment":[{"href":"https:\/\/mediarun.com\/pl\/wp-json\/wp\/v2\/media?parent=84167"}],"wp:term":[{"taxonomy":"category","embeddable":true,"href":"https:\/\/mediarun.com\/pl\/wp-json\/wp\/v2\/categories?post=84167"},{"taxonomy":"post_tag","embeddable":true,"href":"https:\/\/mediarun.com\/pl\/wp-json\/wp\/v2\/tags?post=84167"}],"curies":[{"name":"wp","href":"https:\/\/api.w.org\/{rel}","templated":true}]}}