{"id":84162,"date":"2005-12-06T02:02:48","date_gmt":"2005-12-06T01:02:48","guid":{"rendered":"https:\/\/mediarun.com\/index.php\/news-posts\/warszawska-odslona-festiwalu\/"},"modified":"2005-12-06T02:02:48","modified_gmt":"2005-12-06T01:02:48","slug":"warszawska-odslona-festiwalu","status":"publish","type":"post","link":"https:\/\/mediarun.com\/pl\/media\/prasa\/warszawska-odslona-festiwalu.html","title":{"rendered":"Warszawska ods\u0142ona festiwalu"},"content":{"rendered":"<p>Program Festiwalu obejmuje panele dyskusyjne, akcj\u0119 artystyczn\u0105 i imprezy towarzysz\u0105ce.<\/p>\n<p>7 grudnia (\u015broda)<\/p>\n<p>Tematy paneli dyskusyjnych:<br \/>\nFilozof i kultura masowa, godz. 16.00<br \/>\nBollywood &#8211; czasem kult, czasem kicz, godz. 18.30<br \/>\nKrytyka artystyczna &#8211; czy boks zbli\u017ca ludzi, godz. 20.00<\/p>\n<p>Imprezy towarzysz\u0105ce:<br \/>\nCreative Commons &#8211; jak dzieli\u0107 si\u0119 tw\u00f3rczo\u015bci\u0105 &#8211; prezentacja Creative<br \/>\nCommons Polska, godz. 13.00<\/p>\n<p>Akcja artystyczna:<br \/>\nNie\u015bmiertelny &#8211; akcja multimedialna Barbary Konopki, godz. 17.30<\/p>\n<p>8 grudnia (czwartek)<\/p>\n<p>Tematy paneli dyskusyjnych:<br \/>\nKrytyk literacki: erudyta czy troglodyta, godz. 17.00<br \/>\nCo szumi w muzyce elektronicznej?, godz. 18.30<br \/>\nLans. Do czego s\u0142u\u017cy przestrze\u0144 kultury i czasopismo kulturalne?, godz.<br \/>\n20.30<\/p>\n<p>Imprezy towarzysz\u0105ce: Polszczyzna SMS-\u00f3w &#8211; dyskusja, godz. 13.00 Prezentacja wypowiedzi autor\u00f3w &#8211; finalist\u00f3w Nagrody Literackiej NIKE. Promocja ksi\u0105\u017cki &#8222;Pospolite ruszenie&#8221; &#8211; zbioru rozm\u00f3w przeprowadzonych z redaktorami czasopism kulturalnych ukazuj\u0105cych si\u0119 w Polsce po 1989 r.<\/p>\n<p>Festiwal organizowany jest z my\u015bl\u0105 o tych wszystkich, kt\u00f3rym bliskie s\u0105 problemy wsp\u00f3\u0142czesnej kultury.<br \/>\nNa wszystkie imprezy festiwalowe wst\u0119p wolny.<\/p>\n<p>Miejsce, w kt\u00f3rym odbywaj\u0105 si\u0119 wydarzenia festiwalowe:<\/p>\n<p>CSW Zamek Ujazdowski, Al. Ujazdowskie 6, Warszawa<\/p>\n","protected":false},"excerpt":{"rendered":"W najbli\u017csz\u0105 \u015brod\u0119 (7 grudnia) i czwartek (8 grudnia) w Centrum Sztuki Wsp\u00f3\u0142czesnej Zamek Ujazdowski odbywa\u0107 si\u0119 b\u0119dzie II edycja Festiwalu  Kultura Polskich Czasopism.","protected":false},"author":1,"featured_media":0,"comment_status":"open","ping_status":"closed","sticky":false,"template":"","format":"standard","meta":{"csco_display_header_overlay":false,"csco_singular_sidebar":"","csco_page_header_type":"","csco_page_load_nextpost":"","csco_post_video_location":[],"csco_post_video_location_hash":"","csco_post_video_url":"","csco_post_video_bg_start_time":0,"csco_post_video_bg_end_time":0,"footnotes":""},"categories":[9673],"tags":[],"class_list":{"0":"post-84162","1":"post","2":"type-post","3":"status-publish","4":"format-standard","6":"category-prasa","7":"cs-entry","8":"cs-video-wrap"},"_links":{"self":[{"href":"https:\/\/mediarun.com\/pl\/wp-json\/wp\/v2\/posts\/84162","targetHints":{"allow":["GET"]}}],"collection":[{"href":"https:\/\/mediarun.com\/pl\/wp-json\/wp\/v2\/posts"}],"about":[{"href":"https:\/\/mediarun.com\/pl\/wp-json\/wp\/v2\/types\/post"}],"author":[{"embeddable":true,"href":"https:\/\/mediarun.com\/pl\/wp-json\/wp\/v2\/users\/1"}],"replies":[{"embeddable":true,"href":"https:\/\/mediarun.com\/pl\/wp-json\/wp\/v2\/comments?post=84162"}],"version-history":[{"count":0,"href":"https:\/\/mediarun.com\/pl\/wp-json\/wp\/v2\/posts\/84162\/revisions"}],"wp:attachment":[{"href":"https:\/\/mediarun.com\/pl\/wp-json\/wp\/v2\/media?parent=84162"}],"wp:term":[{"taxonomy":"category","embeddable":true,"href":"https:\/\/mediarun.com\/pl\/wp-json\/wp\/v2\/categories?post=84162"},{"taxonomy":"post_tag","embeddable":true,"href":"https:\/\/mediarun.com\/pl\/wp-json\/wp\/v2\/tags?post=84162"}],"curies":[{"name":"wp","href":"https:\/\/api.w.org\/{rel}","templated":true}]}}