{"id":84117,"date":"2005-12-06T06:00:00","date_gmt":"2005-12-06T05:00:00","guid":{"rendered":"https:\/\/mediarun.com\/index.php\/news-posts\/polska-alternatywa-dla-world-press-photo\/"},"modified":"2005-12-06T06:00:00","modified_gmt":"2005-12-06T05:00:00","slug":"polska-alternatywa-dla-world-press-photo","status":"publish","type":"post","link":"https:\/\/mediarun.com\/pl\/wydarzenia\/polska-alternatywa-dla-world-press-photo.html","title":{"rendered":"Polska alternatywa dla World Press Photo"},"content":{"rendered":"<p><P>&#8211; Mamy nadziej\u0119, \u017ce ta wsp\u00f3\u0142praca pozwoli stworzy\u0107 konkurs, kt\u00f3ry z czasem stanie si\u0119 imprez\u0105 konsoliduj\u0105c\u0105 ca\u0142\u0105 bran\u017c\u0119 fotograficzn\u0105 oraz zwi\u0119kszy \u015bwiadomo\u015b\u0107 dotycz\u0105c\u0105 pracy reporter\u00f3w w\u015br\u00f3d masowego odbiorcy &#8211; powiedzia\u0142a Izabela Rogulska Junior Marketing &amp; PR Manager w Canon Polska. <\/P><br \/>\n<P>Konkurs Fotografii Prasowej, zdaniem organizator\u00f3w, ma szans\u0119 sta\u0107 si\u0119 katalizatorem zmian, na kt\u00f3re czeka ca\u0142e \u015brodowisko. W chwili obecnej w jury konkursu zgodzili si\u0119 bra\u0107 udzia\u0142: Piotr Andrews (Reuters), Jacek Domi\u0144ski (Reporter), Alik K\u0119plicz (AP), Wojtek \u0141aski (East News), Chris Niedenthal, Michel Scotto (AFP), Krzysztof W\u00f3jcik (Forum), Andrzej Wrzeszcz (Polska Agencja Prasowa) oraz Yuri Abramochkin.&nbsp; <\/P><br \/>\n<P>Konkurs Fotografii Prasowej jest skierowany do polskich fotograf\u00f3w prasowych&nbsp;&#8211; tak zrzeszonych w agencjach lub zatrudnionych przez redakcje jak i freelancer\u00f3w, kt\u00f3rych zdj\u0119cia coraz cz\u0119\u015bciej trafiaj\u0105 na czo\u0142\u00f3wki gazet. Ze szczeg\u00f3\u0142owym regulaminem mo\u017cna zapozna\u0107 si\u0119 na stronie internetowej konkursu <A href=\"http:\/\/www.kfp.net.pl\">www.kfp.net.pl<\/A>. Zdj\u0119cia nale\u017cy nadsy\u0142a\u0107 do&nbsp; 10 lutego 2006 roku. <\/P><br \/>\n<P>Zdj\u0119cia oceniane b\u0119d\u0105 w pi\u0119ciu kategoriach: &#8222;ludzie i wydarzenia&#8221;, &#8222;\u017cycie codzienne&#8221;, &#8222;kultura i sztuka&#8221;, &#8222;sprawy wsp\u00f3\u0142czesne&#8221; i &#8222;sport&#8221;.<\/P><br \/>\n<P>Ju\u017c na etapie pierwszych rozm\u00f3w o organizacji konkursu sw\u00f3j udzia\u0142 w konkursie potwierdzi\u0142y czo\u0142owe agencje fotograficzne: AFP, East News, EPA, Forum, PAP Foto, Reporter oraz Reuters. W\u015br\u00f3d patron\u00f3w medialnych konkursu znale\u017ali si\u0119 mi\u0119dzy innymi: tygodniki Ozon i Przekr\u00f3j, miesi\u0119cznik Foto, agencja prasowa PAP, serwis internetowy Fotopolis oraz CityBoard Media.<\/P><\/p>\n","protected":false},"excerpt":{"rendered":"Firma Canon Polska zosta\u0142a mecenasem Konkursu Fotografii Prasowej organizowanego przez Fundacj\u0119 Fotografii Prasowej.","protected":false},"author":1,"featured_media":84118,"comment_status":"open","ping_status":"closed","sticky":false,"template":"","format":"standard","meta":{"csco_display_header_overlay":false,"csco_singular_sidebar":"","csco_page_header_type":"","csco_page_load_nextpost":"","csco_post_video_location":[],"csco_post_video_location_hash":"","csco_post_video_url":"","csco_post_video_bg_start_time":0,"csco_post_video_bg_end_time":0,"footnotes":""},"categories":[46],"tags":[],"class_list":{"0":"post-84117","1":"post","2":"type-post","3":"status-publish","4":"format-standard","5":"has-post-thumbnail","7":"category-wydarzenia","8":"cs-entry","9":"cs-video-wrap"},"_links":{"self":[{"href":"https:\/\/mediarun.com\/pl\/wp-json\/wp\/v2\/posts\/84117","targetHints":{"allow":["GET"]}}],"collection":[{"href":"https:\/\/mediarun.com\/pl\/wp-json\/wp\/v2\/posts"}],"about":[{"href":"https:\/\/mediarun.com\/pl\/wp-json\/wp\/v2\/types\/post"}],"author":[{"embeddable":true,"href":"https:\/\/mediarun.com\/pl\/wp-json\/wp\/v2\/users\/1"}],"replies":[{"embeddable":true,"href":"https:\/\/mediarun.com\/pl\/wp-json\/wp\/v2\/comments?post=84117"}],"version-history":[{"count":0,"href":"https:\/\/mediarun.com\/pl\/wp-json\/wp\/v2\/posts\/84117\/revisions"}],"wp:featuredmedia":[{"embeddable":true,"href":"https:\/\/mediarun.com\/pl\/wp-json\/wp\/v2\/media\/84118"}],"wp:attachment":[{"href":"https:\/\/mediarun.com\/pl\/wp-json\/wp\/v2\/media?parent=84117"}],"wp:term":[{"taxonomy":"category","embeddable":true,"href":"https:\/\/mediarun.com\/pl\/wp-json\/wp\/v2\/categories?post=84117"},{"taxonomy":"post_tag","embeddable":true,"href":"https:\/\/mediarun.com\/pl\/wp-json\/wp\/v2\/tags?post=84117"}],"curies":[{"name":"wp","href":"https:\/\/api.w.org\/{rel}","templated":true}]}}