{"id":84109,"date":"2005-12-06T06:00:00","date_gmt":"2005-12-06T05:00:00","guid":{"rendered":"https:\/\/mediarun.com\/index.php\/news-posts\/tvp-kultura-bedzie-bezplatnie-dostepny-w-sieciach-kablowych\/"},"modified":"2005-12-06T06:00:00","modified_gmt":"2005-12-06T05:00:00","slug":"tvp-kultura-bedzie-bezplatnie-dostepny-w-sieciach-kablowych","status":"publish","type":"post","link":"https:\/\/mediarun.com\/pl\/media\/tv\/tvp-kultura-bedzie-bezplatnie-dostepny-w-sieciach-kablowych.html","title":{"rendered":"TVP Kultura b\u0119dzie bezp\u0142atnie dost\u0119pny w sieciach kablowych"},"content":{"rendered":"<\/p>\n<p>Wi\u0119cej na <a href=\"http:\/\/http:\/\/www.pb.pl\/\">http:\/\/www.pb.pl\/<\/a><\/p>\n","protected":false},"excerpt":{"rendered":"Kana\u0142 TVP Kultura b\u0119dzie bezp\u0142atnie rozpowszechniany w sieciach kablowych. Porozumienie w tej sprawie Telewizja Polska zawar\u0142a z Polsk\u0105 Izb\u0105 Komunikacji Elektronicznej (PIKE), skupiaj\u0105c\u0105 operator\u00f3w kabl\u00f3wek &#8211; poinformowa\u0142 w poniedzia\u0142ek PAP rzecznik prasowy TVP Jaros\u0142aw Szczepa\u0144ski.","protected":false},"author":1,"featured_media":0,"comment_status":"open","ping_status":"closed","sticky":false,"template":"","format":"standard","meta":{"csco_display_header_overlay":false,"csco_singular_sidebar":"","csco_page_header_type":"","csco_page_load_nextpost":"","csco_post_video_location":[],"csco_post_video_location_hash":"","csco_post_video_url":"","csco_post_video_bg_start_time":0,"csco_post_video_bg_end_time":0,"footnotes":""},"categories":[9670],"tags":[],"class_list":{"0":"post-84109","1":"post","2":"type-post","3":"status-publish","4":"format-standard","6":"category-tv","7":"cs-entry","8":"cs-video-wrap"},"_links":{"self":[{"href":"https:\/\/mediarun.com\/pl\/wp-json\/wp\/v2\/posts\/84109","targetHints":{"allow":["GET"]}}],"collection":[{"href":"https:\/\/mediarun.com\/pl\/wp-json\/wp\/v2\/posts"}],"about":[{"href":"https:\/\/mediarun.com\/pl\/wp-json\/wp\/v2\/types\/post"}],"author":[{"embeddable":true,"href":"https:\/\/mediarun.com\/pl\/wp-json\/wp\/v2\/users\/1"}],"replies":[{"embeddable":true,"href":"https:\/\/mediarun.com\/pl\/wp-json\/wp\/v2\/comments?post=84109"}],"version-history":[{"count":0,"href":"https:\/\/mediarun.com\/pl\/wp-json\/wp\/v2\/posts\/84109\/revisions"}],"wp:attachment":[{"href":"https:\/\/mediarun.com\/pl\/wp-json\/wp\/v2\/media?parent=84109"}],"wp:term":[{"taxonomy":"category","embeddable":true,"href":"https:\/\/mediarun.com\/pl\/wp-json\/wp\/v2\/categories?post=84109"},{"taxonomy":"post_tag","embeddable":true,"href":"https:\/\/mediarun.com\/pl\/wp-json\/wp\/v2\/tags?post=84109"}],"curies":[{"name":"wp","href":"https:\/\/api.w.org\/{rel}","templated":true}]}}