{"id":84105,"date":"2005-12-06T09:00:44","date_gmt":"2005-12-06T08:00:44","guid":{"rendered":"https:\/\/mediarun.com\/index.php\/news-posts\/wreczono-nagrody-kisiela\/"},"modified":"2005-12-06T09:00:44","modified_gmt":"2005-12-06T08:00:44","slug":"wreczono-nagrody-kisiela","status":"publish","type":"post","link":"https:\/\/mediarun.com\/pl\/media\/tv\/wreczono-nagrody-kisiela.html","title":{"rendered":"Wr\u0119czono Nagrody Kisiela"},"content":{"rendered":"<p>Tu\u017c przed wr\u0119czeniem nagr\u00f3d aktor Krzysztof Kowalewski odczyta\u0142 jeden z najbardziej znanych felieton\u00f3w Stefana Kisielewskiego, legendarnego publicysty tygodnika &#8222;Wprost&#8221; &#8211; &#8222;Komu potrzebna jest Polska&#8221;. Laureaci odbierali nagrody z r\u0105k Jerzego Kisielewskiego, syna zmar\u0142ego pisarza. Tomasz Lis przy odbiorze nagrody podkre\u015bli\u0142, i\u017c jest dla niego wielkim zaszczytem otrzyma\u0107 to wyr\u00f3\u017cnienie w tym samym roku, co 25 rocznica Solidarno\u015bci. Cz\u0142onek zarz\u0105du Polsatu odpowiedzialny za sprawy programowe marzy\u0142 o tej nagrodzie od lat.<\/p>\n<p>Wiele entuzjazmu wzbudzi\u0142o przybycie by\u0142ego prezydenta Lecha Wa\u0142\u0119sy. Nawi\u0105zano do s\u0142\u00f3w Kisielewskiego na jego temat. Publicysta napisa\u0142 po 1980 r., \u017ce &#8222;Wa\u0142\u0119sa odegra\u0142 pi\u0119kn\u0105 rol\u0119, ale nie ma poj\u0119cia o ekonomii&#8221;. By\u0142y prezydent wyt\u0142umaczy\u0142, \u017ce nie m\u00f3g\u0142 w obecno\u015bci tylu pods\u0142uch\u00f3w i kamer zdradzi\u0107 swoich prawdziwych plan\u00f3w gospodarczych. Gdyby to zrobi\u0142 z pewno\u015bci\u0105 nie osi\u0105gn\u0105\u0142by celu, kt\u00f3rym by\u0142o obalenie komunizmu. Wed\u0142ug Wa\u0142\u0119sy, Kisiel go skrzywdzi\u0142 niechc\u0105cy swoj\u0105 opini\u0105. <\/p>\n<p>W kategorii przedsi\u0119biorca uhonorowano Ryszarda Krauzego. Biznesmen zaryzykowa\u0142 inwestuj\u0105c w bardzo rzadko spotykany biznes. Obecnie jest w\u0142a\u015bcicielem filmy biotechnologicznej, kt\u00f3ra produkuje insulin\u0119. <\/p>\n<p>Obraduj\u0105ca jak zwykle w redakcji tygodnika &#8222;Wprost&#8221; kapitu\u0142a nagrody w tym roku postawi\u0142a na prawdziwe celebrities polityki, biznesu i dziennikarstwa, co niekt\u00f3rzy uczestnicy obrad zinterpretowali jako przejaw przesadnej ostro\u017cno\u015bci, by nie powiedzie\u0107 politycznej poprawno\u015bci. \u017bartowano, \u017ce nied\u0142ugo z grona znanych polityk\u00f3w bez Nagrody Kisiela b\u0119d\u0105 tylko Andrzej Lepper i Zygmunt Wrzodak. &#8211; Przynajmniej w wypadku Lecha Wa\u0142\u0119sy o politycznej poprawno\u015bci i ugrzecznieniu nie mo\u017ce by\u0107 mowy &#8211; t\u0142umaczy\u0142 decyzj\u0119 kapitu\u0142y Jan Krzysztof Bielecki. <\/p>\n<p>Najbardziej wp\u0142ywowymi cz\u0142onkami kapitu\u0142y okazali si\u0119, podobnie zreszt\u0105 jak w ubieg\u0142ym roku, Leszek Balcerowicz oraz Tomasz Wo\u0142ek. Ka\u017cdy z nich nominowa\u0142 dw\u00f3ch z trzech zwyci\u0119zc\u00f3w &#8211; prezes NBP w kategoriach &#8222;polityk&#8221; i &#8222;dziennikarz&#8221;, a by\u0142y naczelny &#8222;\u017bycia&#8221; w kategoriach &#8222;polityk&#8221; i &#8222;biznesmen&#8221;. Najtrudniej by\u0142o wy\u0142oni\u0107 laureata w\u015br\u00f3d polityk\u00f3w &#8211; musia\u0142y si\u0119 odby\u0107 a\u017c trzy g\u0142osowania. Z by\u0142ym prezydentem do ostatniej chwili konkurowali marsza\u0142ek Senatu Bogdan Borusewicz oraz prezydent Gdyni Wojciech Szczurek.<\/p>\n<p>Nagrody Kisiela s\u0105 przyznawane od 1990 r. Pocz\u0105tkowo laureat\u00f3w wskazywa\u0142 sam Stefan Kisielewski. Po jego \u015bmierci robi to kapitu\u0142a z\u0142o\u017cona z laureat\u00f3w z poprzednich lat. W obradach bior\u0105 te\u017c udzia\u0142 Jerzy Kisielewski (syn tw\u00f3rcy wyr\u00f3\u017cnienia) oraz Marek Kr\u00f3l, redaktor naczelny &#8222;Wprost&#8221;. W poprzednich latach nagrody otrzymali m.in.: Jan Nowak-Jeziora\u0144ski, Jerzy Giedroyc, J\u00f3zef Tischner, Jerzy Waldorff, Leszek Balcerowicz, Jan Krzysztof Bielecki, W\u0142adys\u0142aw Bartoszewski, Jan Ku\u0142akowski, Jan Kulczyk, Hanna Gronkiewicz-Waltz, Donald Tusk, Jan Rokita i Roman Kluska.<\/p>\n","protected":false},"excerpt":{"rendered":"W warszawskiej kawiarni &#8222;Rozdro\u017ce&#8221; wr\u0119czono w poniedzia\u0142ek jedne z najbardziej presti\u017cowych wyr\u00f3\u017cnie\u0144 za dzia\u0142alno\u015b\u0107 publiczn\u0105 &#8211; &#8222;Nagrody Kisiela&#8221;. W tym roku otrzymali je by\u0142y prezydent Lech Wa\u0142\u0119sa, biznesmen Ryszard Krauze i Tomasz Lis &#8222;za to, \u017ce nie zdradzi\u0142 dziennikarstwa&#8221;. Gal\u0119 zaszczyci\u0142o swoj\u0105 obecno\u015bci\u0105 wiele os\u00f3b ze \u015bwiata medi\u00f3w, polityki i biznesu.","protected":false},"author":1,"featured_media":0,"comment_status":"open","ping_status":"closed","sticky":false,"template":"","format":"standard","meta":{"csco_display_header_overlay":false,"csco_singular_sidebar":"","csco_page_header_type":"","csco_page_load_nextpost":"","csco_post_video_location":[],"csco_post_video_location_hash":"","csco_post_video_url":"","csco_post_video_bg_start_time":0,"csco_post_video_bg_end_time":0,"footnotes":""},"categories":[9670],"tags":[],"class_list":{"0":"post-84105","1":"post","2":"type-post","3":"status-publish","4":"format-standard","6":"category-tv","7":"cs-entry","8":"cs-video-wrap"},"_links":{"self":[{"href":"https:\/\/mediarun.com\/pl\/wp-json\/wp\/v2\/posts\/84105","targetHints":{"allow":["GET"]}}],"collection":[{"href":"https:\/\/mediarun.com\/pl\/wp-json\/wp\/v2\/posts"}],"about":[{"href":"https:\/\/mediarun.com\/pl\/wp-json\/wp\/v2\/types\/post"}],"author":[{"embeddable":true,"href":"https:\/\/mediarun.com\/pl\/wp-json\/wp\/v2\/users\/1"}],"replies":[{"embeddable":true,"href":"https:\/\/mediarun.com\/pl\/wp-json\/wp\/v2\/comments?post=84105"}],"version-history":[{"count":0,"href":"https:\/\/mediarun.com\/pl\/wp-json\/wp\/v2\/posts\/84105\/revisions"}],"wp:attachment":[{"href":"https:\/\/mediarun.com\/pl\/wp-json\/wp\/v2\/media?parent=84105"}],"wp:term":[{"taxonomy":"category","embeddable":true,"href":"https:\/\/mediarun.com\/pl\/wp-json\/wp\/v2\/categories?post=84105"},{"taxonomy":"post_tag","embeddable":true,"href":"https:\/\/mediarun.com\/pl\/wp-json\/wp\/v2\/tags?post=84105"}],"curies":[{"name":"wp","href":"https:\/\/api.w.org\/{rel}","templated":true}]}}