{"id":84098,"date":"2005-12-06T09:44:27","date_gmt":"2005-12-06T08:44:27","guid":{"rendered":"https:\/\/mediarun.com\/index.php\/news-posts\/program-palasinskiego-w-tvn24-2\/"},"modified":"2005-12-06T09:44:27","modified_gmt":"2005-12-06T08:44:27","slug":"program-palasinskiego-w-tvn24-2","status":"publish","type":"post","link":"https:\/\/mediarun.com\/pl\/media\/tv\/program-palasinskiego-w-tvn24-2.html","title":{"rendered":"Program Pa\u0142asi\u0144skiego w TVN24?"},"content":{"rendered":"<p>TVN24 najprawdopodobniej nie b\u0119dzie mie\u0107 sta\u0142ego korespondenta we W\u0142oszech. <\/p>\n<p>Jacek Pa\u0142asi\u0144ski zanim trafi\u0142 do TVN24 by\u0142 rzymskim korespondentem Radiu Zet. Wsp\u00f3\u0142pracowa\u0142 r\u00f3wnie\u017c z dziennikiem &#8222;Rzeczpospolita&#8221; i tygodnikiem &#8222;Wprost&#8221;.<\/p>\n","protected":false},"excerpt":{"rendered":"Rzymski korespondent TVN24 Jacek Pa\u0142asi\u0144ski wraca do Warszawy. Wed\u0142ug nieoficjalnych serwisu tvnmaniak.pl, dziennikarz b\u0119dzie mie\u0107 w kanale informacyjnym sw\u00f3j program. &#8211; Nie zosta\u0142a podj\u0119ta jeszcze \u017cadna decyzja w poni\u017cszej sprawie &#8211; t\u0142umaczy nam Aleksandra Sienkiewicz z TVN24.","protected":false},"author":1,"featured_media":84099,"comment_status":"open","ping_status":"closed","sticky":false,"template":"","format":"standard","meta":{"csco_display_header_overlay":false,"csco_singular_sidebar":"","csco_page_header_type":"","csco_page_load_nextpost":"","csco_post_video_location":[],"csco_post_video_location_hash":"","csco_post_video_url":"","csco_post_video_bg_start_time":0,"csco_post_video_bg_end_time":0,"footnotes":""},"categories":[9670],"tags":[],"class_list":{"0":"post-84098","1":"post","2":"type-post","3":"status-publish","4":"format-standard","5":"has-post-thumbnail","7":"category-tv","8":"cs-entry","9":"cs-video-wrap"},"_links":{"self":[{"href":"https:\/\/mediarun.com\/pl\/wp-json\/wp\/v2\/posts\/84098","targetHints":{"allow":["GET"]}}],"collection":[{"href":"https:\/\/mediarun.com\/pl\/wp-json\/wp\/v2\/posts"}],"about":[{"href":"https:\/\/mediarun.com\/pl\/wp-json\/wp\/v2\/types\/post"}],"author":[{"embeddable":true,"href":"https:\/\/mediarun.com\/pl\/wp-json\/wp\/v2\/users\/1"}],"replies":[{"embeddable":true,"href":"https:\/\/mediarun.com\/pl\/wp-json\/wp\/v2\/comments?post=84098"}],"version-history":[{"count":0,"href":"https:\/\/mediarun.com\/pl\/wp-json\/wp\/v2\/posts\/84098\/revisions"}],"wp:featuredmedia":[{"embeddable":true,"href":"https:\/\/mediarun.com\/pl\/wp-json\/wp\/v2\/media\/84099"}],"wp:attachment":[{"href":"https:\/\/mediarun.com\/pl\/wp-json\/wp\/v2\/media?parent=84098"}],"wp:term":[{"taxonomy":"category","embeddable":true,"href":"https:\/\/mediarun.com\/pl\/wp-json\/wp\/v2\/categories?post=84098"},{"taxonomy":"post_tag","embeddable":true,"href":"https:\/\/mediarun.com\/pl\/wp-json\/wp\/v2\/tags?post=84098"}],"curies":[{"name":"wp","href":"https:\/\/api.w.org\/{rel}","templated":true}]}}