{"id":84093,"date":"2005-12-06T20:12:33","date_gmt":"2005-12-06T19:12:33","guid":{"rendered":"https:\/\/mediarun.com\/index.php\/news-posts\/nowe-ksiazki-od-agory\/"},"modified":"2005-12-06T20:12:33","modified_gmt":"2005-12-06T19:12:33","slug":"nowe-ksiazki-od-agory","status":"publish","type":"post","link":"https:\/\/mediarun.com\/pl\/media\/prasa\/nowe-ksiazki-od-agory.html","title":{"rendered":"Nowe ksi\u0105\u017cki od Agory"},"content":{"rendered":"<p>&#8222;Kolekcja Dziecka&#8221; to zbi\u00f3r klasycznych bajek dla dzieci we wsp\u00f3\u0142czesnej reinterpretacji i oryginalnej szacie graficznej. Do ksi\u0105\u017ceczek do\u0142\u0105czane s\u0105 p\u0142yty, na kt\u00f3rych teksty czytaj\u0105: Magda Umer i Wojciech Mann. Bajki, kt\u00f3re ukazywa\u0142y si\u0119 w sprzeda\u017cy od wrze\u015bnia: &#8222;Czerwony Kapturek&#8221;, &#8222;Kot w butach&#8221;, &#8222;Calineczka&#8221;, &#8222;O rybaku i z\u0142otej rybce&#8221;, &#8222;Czterej muzykanci z Bremy&#8221;, &#8222;Lampa Aladyna&#8221; oraz najnowszy tytu\u0142: &#8222;Kopciuszek&#8221; dost\u0119pne b\u0119d\u0105 w sprzeda\u017cy w cenie 14,90 z\u0142 za jeden tomik.<\/p>\n<p>Siedem pierwszych bajek z kolekcji mo\u017cna r\u00f3wnie\u017c zam\u00f3wi\u0107 z dostaw\u0105 do domu. Cena pakietu bajek &#8222;Czerwony Kapturek&#8221;, &#8222;Kot w butach&#8221;, &#8222;Calineczka&#8221;, &#8222;O rybaku i z\u0142otej rybce&#8221;, &#8222;Czterej muzykanci z Bremy&#8221;, &#8222;Lampa Aladyna&#8221;, &#8222;Kopciuszek&#8221; wynosi 99 z\u0142. Zam\u00f3wienie mo\u017cna z\u0142o\u017cy\u0107 telefonicznie lub przez internet &#8211; dostawa do domu b\u0119dzie mia\u0142a miejsce dwa dni od daty dokonania zap\u0142aty. Wi\u0119cej informacji na stronie: www.gazeta.pl\/kolekcje. <\/p>\n<p>W punktach sprzeda\u017cy sieci Empik, Relay, Inmedio od 9 do 24 grudnia mo\u017cna b\u0119dzie r\u00f3wnie\u017c kupi\u0107 papieskie pozycje &#8222;Biblioteki Gazety Wyborczej&#8221;: ksi\u0105\u017ck\u0119 &#8222;Do zobaczenia w raju&#8221; i album &#8222;Szuka\u0142em Was, a teraz Wy przyszli\u015bcie do mnie&#8221; w cenie 34 z\u0142 oraz film DVD Giaccomo Battiato &#8222;Karol &#8211; cz\u0142owiek, kt\u00f3ry zosta\u0142 papie\u017cem&#8221; za 49,99 z\u0142.<\/p>\n<p>&#8222;Do zobaczenia w raju&#8221; to wspomnienia papieskiego fotografa Arturo Mariego o Janie Pawle II spisane przez dziennikarza &#8222;Gazety Wyborczej&#8221; Jaros\u0142awa Miko\u0142ajewskiego. Do ksi\u0105\u017cki do\u0142\u0105czony jest film DVD &#8222;Moje \u017cycie dla Niego&#8221; przedstawiaj\u0105cy histori\u0119 \u017cycia i pracy Arturo Mariego.<\/p>\n<p>Album zdj\u0119\u0107 autorstwa Arturo Mariego &#8222;Szuka\u0142em Was, a teraz Wy przyszli\u015bcie do mnie&#8221; przedstawia Jana Paw\u0142a II podczas spotka\u0144 z dzie\u0107mi i z wiernymi, ale te\u017c podczas spotka\u0144 rozumianych w sensie metafizycznym &#8211; z ojczyzn\u0105, Bogiem i natur\u0105. Cz\u0119\u015b\u0107 fotografii pochodzi z prywatnego archiwum autora i nie by\u0142a nigdy wcze\u015bniej publikowana.<\/p>\n","protected":false},"excerpt":{"rendered":"W dniach 9-24 grudnia Agora ponownie wprowadzi do sprzeda\u017cy niekt\u00f3re ze swoich specjalnych edycji: b\u0119d\u0105 to pierwsze bajki z &#8222;Kolekcji Dziecka&#8221;, ksi\u0105\u017cka &#8222;Do zobaczenia w raju&#8221;, album &#8222;Szuka\u0142em Was, a teraz Wy przyszli\u015bcie do mnie&#8221; oraz film DVD &#8222;Karol &#8211; cz\u0142owiek, kt\u00f3ry zosta\u0142 papie\u017cem&#8221;. B\u0119d\u0105 one dost\u0119pne bez &#8222;Gazety Wyborczej&#8221; w punktach sprzeda\u017cy sieci Empik, Relay, Inmedio w niezmienionej cenie.","protected":false},"author":1,"featured_media":0,"comment_status":"open","ping_status":"closed","sticky":false,"template":"","format":"standard","meta":{"csco_display_header_overlay":false,"csco_singular_sidebar":"","csco_page_header_type":"","csco_page_load_nextpost":"","csco_post_video_location":[],"csco_post_video_location_hash":"","csco_post_video_url":"","csco_post_video_bg_start_time":0,"csco_post_video_bg_end_time":0,"footnotes":""},"categories":[9673],"tags":[],"class_list":{"0":"post-84093","1":"post","2":"type-post","3":"status-publish","4":"format-standard","6":"category-prasa","7":"cs-entry","8":"cs-video-wrap"},"_links":{"self":[{"href":"https:\/\/mediarun.com\/pl\/wp-json\/wp\/v2\/posts\/84093","targetHints":{"allow":["GET"]}}],"collection":[{"href":"https:\/\/mediarun.com\/pl\/wp-json\/wp\/v2\/posts"}],"about":[{"href":"https:\/\/mediarun.com\/pl\/wp-json\/wp\/v2\/types\/post"}],"author":[{"embeddable":true,"href":"https:\/\/mediarun.com\/pl\/wp-json\/wp\/v2\/users\/1"}],"replies":[{"embeddable":true,"href":"https:\/\/mediarun.com\/pl\/wp-json\/wp\/v2\/comments?post=84093"}],"version-history":[{"count":0,"href":"https:\/\/mediarun.com\/pl\/wp-json\/wp\/v2\/posts\/84093\/revisions"}],"wp:attachment":[{"href":"https:\/\/mediarun.com\/pl\/wp-json\/wp\/v2\/media?parent=84093"}],"wp:term":[{"taxonomy":"category","embeddable":true,"href":"https:\/\/mediarun.com\/pl\/wp-json\/wp\/v2\/categories?post=84093"},{"taxonomy":"post_tag","embeddable":true,"href":"https:\/\/mediarun.com\/pl\/wp-json\/wp\/v2\/tags?post=84093"}],"curies":[{"name":"wp","href":"https:\/\/api.w.org\/{rel}","templated":true}]}}