{"id":84091,"date":"2005-12-06T23:03:52","date_gmt":"2005-12-06T22:03:52","guid":{"rendered":"https:\/\/mediarun.com\/index.php\/news-posts\/45-lecie-powiesci-radiowej-w-jezioranach\/"},"modified":"2005-12-06T23:03:52","modified_gmt":"2005-12-06T22:03:52","slug":"45-lecie-powiesci-radiowej-w-jezioranach","status":"publish","type":"post","link":"https:\/\/mediarun.com\/pl\/media\/radio\/45-lecie-powiesci-radiowej-w-jezioranach.html","title":{"rendered":"45-lecie powie\u015bci radiowej &#8222;W Jezioranach&#8221;"},"content":{"rendered":"<p>Scenariusz tego spektaklu wype\u0142ni\u0105 wspomnienia o pocz\u0105tkach radiowej sagi Jab\u0142o\u0144skich i Pawlacz\u00f3w, losach bohater\u00f3w, ich tw\u00f3rc\u00f3w i aktor\u00f3w kreuj\u0105cych te popularne postacie. Mo\u017cna b\u0119dzie us\u0142ysze\u0107 jeziora\u0144skie piosenki w wykonaniu radiowego Edka, czyli Bogumi\u0142a K\u0142odkowskiego oraz fragment archiwalnego pierwszego odcinka &#8222;W Jezioranach&#8221;. Przy fortepianie zasi\u0105dzie Marian Sza\u0142kowski &#8211; wieloletni ilustrator muzyczny w Teatrze Polskiego Radia.<\/p>\n<p>G\u0142\u00f3wnym bohaterem uroczysto\u015bci b\u0119dzie Andrzej Mularczyk autor radiowej powie\u015bci, laureat &#8222;Diamentowego Mikrofonu&#8221;. Na 45-lecie audycji otrzyma niezwyk\u0142y prezent &#8211; w\u0142asny portret, kt\u00f3rego ods\u0142oni\u0119cia dokona Janusz Kuku\u0142a &#8211; dyrektor Teatru Polskiego Radia. Na scenie nie zabraknie odtw\u00f3rc\u00f3w g\u0142\u00f3wnych r\u00f3l &#8222;W Jezioranach&#8221;. Na koniec spektaklu podany zostanie tort.<\/p>\n<p>Kolejne odcinki powie\u015bci radiowej &#8222;W Jezioranach&#8221; powstaj\u0105 (od 1960 roku) w Teatrze Polskiego Radia. Do tej pory wyemitowano ju\u017c ponad 2300 odcink\u00f3w tej, wci\u0105\u017c ciesz\u0105cej si\u0119 du\u017c\u0105 popularno\u015bci\u0105 radionoweli, adresowanej nie tylko do mieszka\u0144c\u00f3w wsi i miasteczek. &#8222;W Jezioranach&#8221; go\u015bci na antenie radiowej Jedynki i w domach s\u0142uchaczy w ka\u017cd\u0105 niedziel\u0119 od godz. 13.05.<\/p>\n","protected":false},"excerpt":{"rendered":"Powie\u015b\u0107 radiowa &#8222;W Jezioranach&#8221; obchodzi w tym roku swoje 45 urodziny. Z tej okazji w poniedzia\u0142ek o godzinie 17 w Studiu Koncertowym Polskiego Radia im. Agnieszki Osieckiej odb\u0119dzie si\u0119 urodzinowa uroczysto\u015b\u0107, kt\u00f3r\u0105 poprowadz\u0105 obecny re\u017cyser radiopowie\u015bci &#8211; Jan Warenycia i Magdalena Miko\u0142ajczuk, dziennikarka radiowej Jedynki.","protected":false},"author":1,"featured_media":84092,"comment_status":"open","ping_status":"closed","sticky":false,"template":"","format":"standard","meta":{"csco_display_header_overlay":false,"csco_singular_sidebar":"","csco_page_header_type":"","csco_page_load_nextpost":"","csco_post_video_location":[],"csco_post_video_location_hash":"","csco_post_video_url":"","csco_post_video_bg_start_time":0,"csco_post_video_bg_end_time":0,"footnotes":""},"categories":[9672],"tags":[],"class_list":{"0":"post-84091","1":"post","2":"type-post","3":"status-publish","4":"format-standard","5":"has-post-thumbnail","7":"category-radio","8":"cs-entry","9":"cs-video-wrap"},"_links":{"self":[{"href":"https:\/\/mediarun.com\/pl\/wp-json\/wp\/v2\/posts\/84091","targetHints":{"allow":["GET"]}}],"collection":[{"href":"https:\/\/mediarun.com\/pl\/wp-json\/wp\/v2\/posts"}],"about":[{"href":"https:\/\/mediarun.com\/pl\/wp-json\/wp\/v2\/types\/post"}],"author":[{"embeddable":true,"href":"https:\/\/mediarun.com\/pl\/wp-json\/wp\/v2\/users\/1"}],"replies":[{"embeddable":true,"href":"https:\/\/mediarun.com\/pl\/wp-json\/wp\/v2\/comments?post=84091"}],"version-history":[{"count":0,"href":"https:\/\/mediarun.com\/pl\/wp-json\/wp\/v2\/posts\/84091\/revisions"}],"wp:featuredmedia":[{"embeddable":true,"href":"https:\/\/mediarun.com\/pl\/wp-json\/wp\/v2\/media\/84092"}],"wp:attachment":[{"href":"https:\/\/mediarun.com\/pl\/wp-json\/wp\/v2\/media?parent=84091"}],"wp:term":[{"taxonomy":"category","embeddable":true,"href":"https:\/\/mediarun.com\/pl\/wp-json\/wp\/v2\/categories?post=84091"},{"taxonomy":"post_tag","embeddable":true,"href":"https:\/\/mediarun.com\/pl\/wp-json\/wp\/v2\/tags?post=84091"}],"curies":[{"name":"wp","href":"https:\/\/api.w.org\/{rel}","templated":true}]}}