{"id":84082,"date":"2005-12-07T03:31:34","date_gmt":"2005-12-07T02:31:34","guid":{"rendered":"https:\/\/mediarun.com\/index.php\/news-posts\/kandydaci-na-wiceprezesow-urtip\/"},"modified":"2005-12-07T03:31:34","modified_gmt":"2005-12-07T02:31:34","slug":"kandydaci-na-wiceprezesow-urtip","status":"publish","type":"post","link":"https:\/\/mediarun.com\/pl\/digital\/internet\/kandydaci-na-wiceprezesow-urtip.html","title":{"rendered":"Kandydaci na wiceprezes\u00f3w URTiP"},"content":{"rendered":"<p>Aby nie dopu\u015bci\u0107 do parali\u017cu pracy Urz\u0119du, Prezes Witold Grabo\u015b przed\u0142o\u017cy\u0142 6 grudnia br. Ministrowi Transportu i Budownictwa dwie kandydatury na wakaty po wymienionych zast\u0119pcach. S\u0105 to: Janusz Piechoci\u0144ski &#8211; kandydat na Zast\u0119pc\u0119 Prezesa ds. rynku telekomunikacyjnego i Stanis\u0142aw Popio\u0142ek &#8211; kandydat na Zast\u0119pc\u0119 Prezesa ds. rynku us\u0142ug pocztowych.<\/p>\n<p>Janusz Piechoci\u0144ski jest absolwentem Politechniki Warszawskiej, Wydzia\u0142 Elektroniki oraz SGPiS (obecnie Szko\u0142a G\u0142\u00f3wna Handlowa), Wydzia\u0142 Ekonomiki Handlu i Us\u0142ug. Uczestnik obrad Okr\u0105g\u0142ego Sto\u0142u. Pose\u0142 na Sejm I, II i IV kadencji. W latach 2001-2005 by\u0142 przewodnicz\u0105cym sejmowej Komisji Infrastruktury. Obecnie jest zatrudniony jako doradca Prezesa URTiP.<\/p>\n<p>Stanis\u0142aw Popio\u0142ek pracuje w \u0142\u0105czno\u015bci od 1961 r. Pe\u0142ni\u0142 funkcje zast\u0119pcy dyrektora generalnego przedsi\u0119biorstwa Polska Poczta Telegraf i Telefon, dyrektora generalnego w Ministerstwie \u0141\u0105czno\u015bci, podsekretarza stanu w Ministerstwie \u0141\u0105czno\u015bci. Ekspert ONZ ds. telekomunikacji i poczty. Uczestnik kongres\u00f3w \u015awiatowego Zwi\u0105zku Pocztowego UPU oraz posiedze\u0144 Rady \u015awiatowego Zwi\u0105zku Pocztowego. W latach 1998-2000 pe\u0142ni\u0142 funkcj\u0119 Prezesa Zarz\u0105du Polskiego Radia S.A. Od 18 kwietnia 2002 r. jest doradc\u0105 Prezesa URTiP, a od 4 pa\u017adziernika 2002 r. jest Przewodnicz\u0105cym Rady Us\u0142ug Pocztowych.<\/p>\n<p>W opinii Prezesa Witolda Grabosia obu kandydat\u00f3w wyr\u00f3\u017cnia profesjonalizm najwy\u017cszej jako\u015bci, a tak\u017ce w\u0142a\u015bciwe cechy osobowe i wyj\u0105tkowe do\u015bwiadczenie zawodowe. Obaj kandydaci s\u0105 obecnie pracownikami Urz\u0119du. Ich powo\u0142anie na stanowiska zast\u0119pc\u00f3w Prezesa URTiP pozwoli na p\u0142ynne przej\u0119cie nowych funkcji, a tak\u017ce na pewne oszcz\u0119dno\u015bci etatowe i finansowe, co wpisuje si\u0119 w koncepcj\u0119 taniego pa\u0144stwa.<\/p>\n<p>Zgodnie z art. 190 ust. 8 ustawy Prawo telekomunikacyjne minister w\u0142a\u015bciwy do spraw \u0142\u0105czno\u015bci (obecnie jest to Minister Transportu i Budownictwa), na wniosek Prezesa URTiP, powo\u0142uje zast\u0119pc\u00f3w Prezesa URTiP do spraw telekomunikacyjnych i pocztowych.<\/p>\n","protected":false},"excerpt":{"rendered":"Dw\u00f3ch kandydat\u00f3w zosta\u0142o zg\u0142oszonych na stanowiska zast\u0119pc\u00f3w Prezesa URTiP.Decyzj\u0105 Ministra Transportu i Budownictwa zostali odwo\u0142ani dotychczasowi dwaj zast\u0119pcy Prezesa Urz\u0119du Regulacji Telekomunikacji i Poczty, tj. Krzysztof Kwiecie\u0144 odpowiedzialny za rynek telekomunikacyjny (odwo\u0142any 29 listopada br.) oraz Emil P\u0142odzie\u0144 &#8211; nadzoruj\u0105cy rynek pocztowy (odwo\u0142any 1 grudnia br.).","protected":false},"author":1,"featured_media":0,"comment_status":"open","ping_status":"closed","sticky":false,"template":"","format":"standard","meta":{"csco_display_header_overlay":false,"csco_singular_sidebar":"","csco_page_header_type":"","csco_page_load_nextpost":"","csco_post_video_location":[],"csco_post_video_location_hash":"","csco_post_video_url":"","csco_post_video_bg_start_time":0,"csco_post_video_bg_end_time":0,"footnotes":""},"categories":[9676],"tags":[],"class_list":{"0":"post-84082","1":"post","2":"type-post","3":"status-publish","4":"format-standard","6":"category-internet","7":"cs-entry","8":"cs-video-wrap"},"_links":{"self":[{"href":"https:\/\/mediarun.com\/pl\/wp-json\/wp\/v2\/posts\/84082","targetHints":{"allow":["GET"]}}],"collection":[{"href":"https:\/\/mediarun.com\/pl\/wp-json\/wp\/v2\/posts"}],"about":[{"href":"https:\/\/mediarun.com\/pl\/wp-json\/wp\/v2\/types\/post"}],"author":[{"embeddable":true,"href":"https:\/\/mediarun.com\/pl\/wp-json\/wp\/v2\/users\/1"}],"replies":[{"embeddable":true,"href":"https:\/\/mediarun.com\/pl\/wp-json\/wp\/v2\/comments?post=84082"}],"version-history":[{"count":0,"href":"https:\/\/mediarun.com\/pl\/wp-json\/wp\/v2\/posts\/84082\/revisions"}],"wp:attachment":[{"href":"https:\/\/mediarun.com\/pl\/wp-json\/wp\/v2\/media?parent=84082"}],"wp:term":[{"taxonomy":"category","embeddable":true,"href":"https:\/\/mediarun.com\/pl\/wp-json\/wp\/v2\/categories?post=84082"},{"taxonomy":"post_tag","embeddable":true,"href":"https:\/\/mediarun.com\/pl\/wp-json\/wp\/v2\/tags?post=84082"}],"curies":[{"name":"wp","href":"https:\/\/api.w.org\/{rel}","templated":true}]}}