{"id":84024,"date":"2005-12-07T15:51:04","date_gmt":"2005-12-07T14:51:04","guid":{"rendered":"https:\/\/mediarun.com\/index.php\/news-posts\/debata-w-itvp\/"},"modified":"2005-12-07T15:51:04","modified_gmt":"2005-12-07T14:51:04","slug":"debata-w-itvp","status":"publish","type":"post","link":"https:\/\/mediarun.com\/pl\/media\/tv\/debata-w-itvp.html","title":{"rendered":"&#8222;Debata&#8221; w iTVP"},"content":{"rendered":"<p>&#8222;Debata&#8221; to dynamiczna dyskusja o najwa\u017cniejszych problemach i wydarzeniach dla Polski i Polak\u00f3w. To program pe\u0142en kontrowersyjnych i cz\u0119sto skrajnych opinii, miejsce gdzie \u015bcieraj\u0105 si\u0119 ideologie i \u015bwiatopogl\u0105dy. Autorem i gospodarzem programu jest Kamil Durczok. Dziennikarz roku 2000. Laureat czterech &#8222;Wiktor\u00f3w&#8221;. Zdobywca trzech &#8222;Telekamer&#8221;. Producentem &#8222;Debaty&#8221; jest Janusz Kowalski, za\u015b emisj\u0119 w iTVP koordynuje Piotr Przychodze\u0144. <\/p>\n<p>Aktywny jest ju\u017c serwis internetowy www.itvp.pl\/debata\/, gdzie archiwizowane s\u0105 kolejne odcinki programu. W trakcie trwania &#8222;Debaty&#8221; widzowie iTVP mog\u0105 dyskutowa\u0107 na forum. Najciekawsze pytania internaut\u00f3w b\u0119d\u0105 cytowane w trakcie programu. Dodatkowo po ka\u017cdej &#8222;Debacie&#8221; jeden z zaproszonych go\u015bci b\u0119dzie uczestniczy\u0142 w wideoczacie. Wyj\u0105tkowo 7 grudnia go\u015bciem wideoczatu b\u0119dzie prowadz\u0105cy &#8222;Debat\u0119&#8221; &#8211; Kamil Durczok.<\/p>\n","protected":false},"excerpt":{"rendered":"Kolejny program publicystyczny telewizyjnej Jedynki b\u0119dzie mo\u017cna ogl\u0105da\u0107 tak\u017ce w Telewizji Interaktywnej iTVP. Po &#8222;Forum&#8221; na interaktywnej antenie pojawi si\u0119 &#8222;Debata&#8221;. Program Kamila Durczoka emitowany b\u0119dzie w ka\u017cd\u0105 \u015brod\u0119. Premiera w \u015brod\u0119 o godzinie 21.50.","protected":false},"author":1,"featured_media":84025,"comment_status":"open","ping_status":"closed","sticky":false,"template":"","format":"standard","meta":{"csco_display_header_overlay":false,"csco_singular_sidebar":"","csco_page_header_type":"","csco_page_load_nextpost":"","csco_post_video_location":[],"csco_post_video_location_hash":"","csco_post_video_url":"","csco_post_video_bg_start_time":0,"csco_post_video_bg_end_time":0,"footnotes":""},"categories":[9670],"tags":[],"class_list":{"0":"post-84024","1":"post","2":"type-post","3":"status-publish","4":"format-standard","5":"has-post-thumbnail","7":"category-tv","8":"cs-entry","9":"cs-video-wrap"},"_links":{"self":[{"href":"https:\/\/mediarun.com\/pl\/wp-json\/wp\/v2\/posts\/84024","targetHints":{"allow":["GET"]}}],"collection":[{"href":"https:\/\/mediarun.com\/pl\/wp-json\/wp\/v2\/posts"}],"about":[{"href":"https:\/\/mediarun.com\/pl\/wp-json\/wp\/v2\/types\/post"}],"author":[{"embeddable":true,"href":"https:\/\/mediarun.com\/pl\/wp-json\/wp\/v2\/users\/1"}],"replies":[{"embeddable":true,"href":"https:\/\/mediarun.com\/pl\/wp-json\/wp\/v2\/comments?post=84024"}],"version-history":[{"count":0,"href":"https:\/\/mediarun.com\/pl\/wp-json\/wp\/v2\/posts\/84024\/revisions"}],"wp:featuredmedia":[{"embeddable":true,"href":"https:\/\/mediarun.com\/pl\/wp-json\/wp\/v2\/media\/84025"}],"wp:attachment":[{"href":"https:\/\/mediarun.com\/pl\/wp-json\/wp\/v2\/media?parent=84024"}],"wp:term":[{"taxonomy":"category","embeddable":true,"href":"https:\/\/mediarun.com\/pl\/wp-json\/wp\/v2\/categories?post=84024"},{"taxonomy":"post_tag","embeddable":true,"href":"https:\/\/mediarun.com\/pl\/wp-json\/wp\/v2\/tags?post=84024"}],"curies":[{"name":"wp","href":"https:\/\/api.w.org\/{rel}","templated":true}]}}