{"id":84019,"date":"2005-12-07T15:53:40","date_gmt":"2005-12-07T14:53:40","guid":{"rendered":"https:\/\/mediarun.com\/index.php\/news-posts\/pilkarskie-pieklo-w-trojce\/"},"modified":"2005-12-07T15:53:40","modified_gmt":"2005-12-07T14:53:40","slug":"pilkarskie-pieklo-w-trojce","status":"publish","type":"post","link":"https:\/\/mediarun.com\/pl\/media\/tv\/pilkarskie-pieklo-w-trojce.html","title":{"rendered":"&#8222;Pi\u0142karskie piek\u0142o&#8221; w Tr\u00f3jce"},"content":{"rendered":"<p>Okazuje si\u0119, i\u017c sprawa przycich\u0142a. Jednak nie dla wszystkich. Swoj\u0105 walk\u0119 toczy powo\u0142any w zwi\u0105zku z afer\u0105, przewodnicz\u0105cy Komisji Etyki PZPN &#8211; Jan Tomaszewski. Kolejne zarzuty stawia wroc\u0142awska prokuratura. Niez\u0142omne stanowisko zachowuj\u0105 w\u0142adze PZPN. <\/p>\n<p>Emisja reporta\u017cu wi\u0105\u017ce si\u0119 z dzisiejszym Nadzwyczajnym Walnym Zgromadzeniem Delegat\u00f3w PZPN.<\/p>\n","protected":false},"excerpt":{"rendered":"W \u015brod\u0119 o godzinie 23.05 regionalna Tr\u00f3jka wyemituje reporta\u017c Marka Kopczackiego &#8211; &#8222;Pi\u0142karskie piek\u0142o&#8221;. Reporta\u017c przypomina okoliczno\u015bci tzw. afery Dziurowicza. Autora wraca do tamtych wydarze\u0144 i bada stan sprawy po kilku miesi\u0105cach od &#8222;wyzna\u0144&#8221; Piotra Dziurowicza w &#8222;Gazecie Wyborczej&#8221;.","protected":false},"author":1,"featured_media":84020,"comment_status":"open","ping_status":"closed","sticky":false,"template":"","format":"standard","meta":{"csco_display_header_overlay":false,"csco_singular_sidebar":"","csco_page_header_type":"","csco_page_load_nextpost":"","csco_post_video_location":[],"csco_post_video_location_hash":"","csco_post_video_url":"","csco_post_video_bg_start_time":0,"csco_post_video_bg_end_time":0,"footnotes":""},"categories":[9670],"tags":[],"class_list":{"0":"post-84019","1":"post","2":"type-post","3":"status-publish","4":"format-standard","5":"has-post-thumbnail","7":"category-tv","8":"cs-entry","9":"cs-video-wrap"},"_links":{"self":[{"href":"https:\/\/mediarun.com\/pl\/wp-json\/wp\/v2\/posts\/84019","targetHints":{"allow":["GET"]}}],"collection":[{"href":"https:\/\/mediarun.com\/pl\/wp-json\/wp\/v2\/posts"}],"about":[{"href":"https:\/\/mediarun.com\/pl\/wp-json\/wp\/v2\/types\/post"}],"author":[{"embeddable":true,"href":"https:\/\/mediarun.com\/pl\/wp-json\/wp\/v2\/users\/1"}],"replies":[{"embeddable":true,"href":"https:\/\/mediarun.com\/pl\/wp-json\/wp\/v2\/comments?post=84019"}],"version-history":[{"count":0,"href":"https:\/\/mediarun.com\/pl\/wp-json\/wp\/v2\/posts\/84019\/revisions"}],"wp:featuredmedia":[{"embeddable":true,"href":"https:\/\/mediarun.com\/pl\/wp-json\/wp\/v2\/media\/84020"}],"wp:attachment":[{"href":"https:\/\/mediarun.com\/pl\/wp-json\/wp\/v2\/media?parent=84019"}],"wp:term":[{"taxonomy":"category","embeddable":true,"href":"https:\/\/mediarun.com\/pl\/wp-json\/wp\/v2\/categories?post=84019"},{"taxonomy":"post_tag","embeddable":true,"href":"https:\/\/mediarun.com\/pl\/wp-json\/wp\/v2\/tags?post=84019"}],"curies":[{"name":"wp","href":"https:\/\/api.w.org\/{rel}","templated":true}]}}