{"id":84008,"date":"2005-12-07T17:30:18","date_gmt":"2005-12-07T16:30:18","guid":{"rendered":"https:\/\/mediarun.com\/index.php\/news-posts\/zdjecia-do-drugiej-serii-magdy-m\/"},"modified":"2005-12-07T17:30:18","modified_gmt":"2005-12-07T16:30:18","slug":"zdjecia-do-drugiej-serii-magdy-m","status":"publish","type":"post","link":"https:\/\/mediarun.com\/pl\/media\/tv\/zdjecia-do-drugiej-serii-magdy-m.html","title":{"rendered":"Zdj\u0119cia do drugiej serii &#8222;Magdy M.&#8221;"},"content":{"rendered":"<p>&#8211; Producenci serialu licz\u0105, \u017ce nowa seria spe\u0142ni oczekiwania wiernych widz\u00f3w, kt\u00f3rych grono stale si\u0119 powi\u0119ksza. Nie mo\u017cemy jeszcze zdradza\u0107 zbyt wielu szczeg\u00f3\u0142\u00f3w, ale mo\u017cna spodziewa\u0107 si\u0119 wi\u0119cej, ni\u017c tylko poca\u0142unku w ta\u0144cu Magdy i Piotra&#8230; W serialu na sta\u0142e zagoszcz\u0105 nowi bohaterowie, a w\u015br\u00f3d nich, m.in., Jacek &#8211; tajemniczy narzeczony Marioli Adamskiej (Katarzyna Bujakiewicz) oraz  Jagoda &#8211; nowa aplikantka w kancelarii Walig\u00f3ry. Mo\u017cemy r\u00f3wnie\u017c spodziewa\u0107 si\u0119 go\u015bcinnych wyst\u0119p\u00f3w wielu znanych polskich aktor\u00f3w, cz\u0119sto w zaskakuj\u0105cych rolach &#8211; informuje TVN w komunikacie.<\/p>\n<p>Natomiast we wtorek pad\u0142 kolejny rekord ogl\u0105dalno\u015bci serialu. Przedostatni, czternasty odcinek &#8222;Magdy M.&#8221; ogl\u0105da\u0142o ponad 3,5 mln os\u00f3b. Serial pozostaje najch\u0119tniej ogl\u0105dan\u0105 jesienn\u0105 nowo\u015bci\u0105 TVN w grupie docelowej stacji. A ju\u017c w najbli\u017cszy wtorek na antenie TVN b\u0119dzie emitowany ostatni odcinek pierwszej serii &#8222;Magdy M.&#8221; R\u00f3wnie\u017c w najbli\u017cszy wtorek odb\u0119dzie si\u0119 czat z odtw\u00f3rczyni\u0105 tytu\u0142owej roli. Widzowie b\u0119d\u0105 mogli przy\u0142\u0105czy\u0107 si\u0119 do rozmowy z Joann\u0105 Brodzik po emisji serialu o godz. 22.30.<\/p>\n","protected":false},"excerpt":{"rendered":"W czwartek ruszaj\u0105 zdj\u0119cia do nowej serii &#8222;Magdy M.&#8221;. Pierwszy klaps padnie w mieszkaniu tytu\u0142owej bohaterki Magdy Mi\u0142owicz przy ulicy Wiejskiej. Produkcja kolejnych odcink\u00f3w serialu potrwa, co najmniej do maja przysz\u0142ego roku. Dalsze losy pani adwokat b\u0119dzie mo\u017cna \u015bledzi\u0107 na antenie TVN wiosn\u0105 przysz\u0142ego roku.","protected":false},"author":1,"featured_media":84009,"comment_status":"open","ping_status":"closed","sticky":false,"template":"","format":"standard","meta":{"csco_display_header_overlay":false,"csco_singular_sidebar":"","csco_page_header_type":"","csco_page_load_nextpost":"","csco_post_video_location":[],"csco_post_video_location_hash":"","csco_post_video_url":"","csco_post_video_bg_start_time":0,"csco_post_video_bg_end_time":0,"footnotes":""},"categories":[9670],"tags":[],"class_list":{"0":"post-84008","1":"post","2":"type-post","3":"status-publish","4":"format-standard","5":"has-post-thumbnail","7":"category-tv","8":"cs-entry","9":"cs-video-wrap"},"_links":{"self":[{"href":"https:\/\/mediarun.com\/pl\/wp-json\/wp\/v2\/posts\/84008","targetHints":{"allow":["GET"]}}],"collection":[{"href":"https:\/\/mediarun.com\/pl\/wp-json\/wp\/v2\/posts"}],"about":[{"href":"https:\/\/mediarun.com\/pl\/wp-json\/wp\/v2\/types\/post"}],"author":[{"embeddable":true,"href":"https:\/\/mediarun.com\/pl\/wp-json\/wp\/v2\/users\/1"}],"replies":[{"embeddable":true,"href":"https:\/\/mediarun.com\/pl\/wp-json\/wp\/v2\/comments?post=84008"}],"version-history":[{"count":0,"href":"https:\/\/mediarun.com\/pl\/wp-json\/wp\/v2\/posts\/84008\/revisions"}],"wp:featuredmedia":[{"embeddable":true,"href":"https:\/\/mediarun.com\/pl\/wp-json\/wp\/v2\/media\/84009"}],"wp:attachment":[{"href":"https:\/\/mediarun.com\/pl\/wp-json\/wp\/v2\/media?parent=84008"}],"wp:term":[{"taxonomy":"category","embeddable":true,"href":"https:\/\/mediarun.com\/pl\/wp-json\/wp\/v2\/categories?post=84008"},{"taxonomy":"post_tag","embeddable":true,"href":"https:\/\/mediarun.com\/pl\/wp-json\/wp\/v2\/tags?post=84008"}],"curies":[{"name":"wp","href":"https:\/\/api.w.org\/{rel}","templated":true}]}}