{"id":84005,"date":"2005-12-07T18:09:56","date_gmt":"2005-12-07T17:09:56","guid":{"rendered":"https:\/\/mediarun.com\/index.php\/news-posts\/ojcowie-zalozyciele-radiofonii-europejskich\/"},"modified":"2005-12-07T18:09:56","modified_gmt":"2005-12-07T17:09:56","slug":"ojcowie-zalozyciele-radiofonii-europejskich","status":"publish","type":"post","link":"https:\/\/mediarun.com\/pl\/media\/radio\/ojcowie-zalozyciele-radiofonii-europejskich.html","title":{"rendered":"&#8222;Ojcowie za\u0142o\u017cyciele radiofonii europejskich&#8221;"},"content":{"rendered":"<p>W konferencji wezm\u0105 udzia\u0142 prelegenci z Niemiec, Wielkiej Brytanii, Rosji, W\u0142och i Polski.<\/p>\n<p>8 grudnia o godz. 13.30 konferencj\u0119 otworzy Andrzej Siezieniewski Prezes Zarz\u0105du Polskiego Radia SA. Tego dnia zabior\u0105 g\u0142os: prof. Enrico Menduni (W\u0142ochy) &#8211; &#8222;Guglielmo Marconi &#8211; od radiotelegrafu do radiofonii&#8221;, John Gray (Wielka Brytania) &#8211; &#8222;John Reith &#8211; narodziny radia publicznego&#8221;,  Olga Minajewa (Rosja) &#8211; &#8222;Micha\u0142 Boncz Brujewicz &#8211; rozw\u00f3j radzieckiej radiotechniki&#8221;. <\/p>\n<p>9 grudnia o Hansie Bredow i niemieckim wk\u0142adzie w zmiany w radiofonii opowie prof. Hans J. Kleinsteuber (Niemcy), za\u015b o Zygmuncie Chamcu &#8211; dr Ryszard Miazek. O godz. 12.30 odb\u0119dzie si\u0119 promocja ksi\u0105\u017cki Ryszarda Miazka pt. &#8222;Przemin\u0119\u0142o z radiem &#8211; opowie\u015b\u0107 o Zygmuncie Chamcu, za\u0142o\u017cycielu i pierwszym dyrektorze Polskiego Radia&#8221;.<\/p>\n<p>&#8211; Ide\u0105 konferencji jest pokazanie narodzin i kszta\u0142towania si\u0119 radiofonii narodowych w Europie w latach 20-tych ubieg\u0142ego stulecia poprzez dzia\u0142alno\u015b\u0107 wybitnych konstruktor\u00f3w, organizator\u00f3w i wizjoner\u00f3w radia. Wska\u017cemy na podobie\u0144stwa rozwoju radia w wybranych krajach, ale tak\u017ce zwr\u00f3cimy uwag\u0119 na odr\u0119bno\u015bci wi\u0105\u017c\u0105ce si\u0119 przede wszystkich z porz\u0105dkiem politycznym konkretnego kraju i formu\u0142owaniem zada\u0144 radia przez elity w\u0142adzy. R\u00f3\u017cnice te nabra\u0142y ostro\u015bci szczeg\u00f3lnie w latach 30-tych, kiedy Europa podzieli\u0142a si\u0119 strefy porz\u0105dku demokratycznego i system\u00f3w totalitarnych &#8211; m\u00f3wi Krzysztof G\u00f3rski, dyrektor Centrum Historii Polskiej Radiofonii, jednocze\u015bnie jeden z pomys\u0142odawc\u00f3w konferencji.<\/p>\n","protected":false},"excerpt":{"rendered":"W dniach 8-9 grudnia 2005 r. w ramach obchod\u00f3w 80-lecia Polskiego Radia odb\u0119dzie si\u0119 mi\u0119dzynarodowa konferencja po\u015bwi\u0119cona pocz\u0105tkom radiofonii w Europie i jej prekursorom. B\u0119dzie mia\u0142a miejsce promocja ksi\u0105\u017cki Ryszarda Miazka po\u015bwi\u0119conej Zygmuntowi Chamcowi &#8211; za\u0142o\u017cycielowi i pierwszemu dyrektorowi Polskiego Radia.","protected":false},"author":1,"featured_media":84006,"comment_status":"open","ping_status":"closed","sticky":false,"template":"","format":"standard","meta":{"csco_display_header_overlay":false,"csco_singular_sidebar":"","csco_page_header_type":"","csco_page_load_nextpost":"","csco_post_video_location":[],"csco_post_video_location_hash":"","csco_post_video_url":"","csco_post_video_bg_start_time":0,"csco_post_video_bg_end_time":0,"footnotes":""},"categories":[9672],"tags":[],"class_list":{"0":"post-84005","1":"post","2":"type-post","3":"status-publish","4":"format-standard","5":"has-post-thumbnail","7":"category-radio","8":"cs-entry","9":"cs-video-wrap"},"_links":{"self":[{"href":"https:\/\/mediarun.com\/pl\/wp-json\/wp\/v2\/posts\/84005","targetHints":{"allow":["GET"]}}],"collection":[{"href":"https:\/\/mediarun.com\/pl\/wp-json\/wp\/v2\/posts"}],"about":[{"href":"https:\/\/mediarun.com\/pl\/wp-json\/wp\/v2\/types\/post"}],"author":[{"embeddable":true,"href":"https:\/\/mediarun.com\/pl\/wp-json\/wp\/v2\/users\/1"}],"replies":[{"embeddable":true,"href":"https:\/\/mediarun.com\/pl\/wp-json\/wp\/v2\/comments?post=84005"}],"version-history":[{"count":0,"href":"https:\/\/mediarun.com\/pl\/wp-json\/wp\/v2\/posts\/84005\/revisions"}],"wp:featuredmedia":[{"embeddable":true,"href":"https:\/\/mediarun.com\/pl\/wp-json\/wp\/v2\/media\/84006"}],"wp:attachment":[{"href":"https:\/\/mediarun.com\/pl\/wp-json\/wp\/v2\/media?parent=84005"}],"wp:term":[{"taxonomy":"category","embeddable":true,"href":"https:\/\/mediarun.com\/pl\/wp-json\/wp\/v2\/categories?post=84005"},{"taxonomy":"post_tag","embeddable":true,"href":"https:\/\/mediarun.com\/pl\/wp-json\/wp\/v2\/tags?post=84005"}],"curies":[{"name":"wp","href":"https:\/\/api.w.org\/{rel}","templated":true}]}}