{"id":83976,"date":"2005-12-08T06:00:00","date_gmt":"2005-12-08T05:00:00","guid":{"rendered":"https:\/\/mediarun.com\/index.php\/news-posts\/ozon-w-rekach-tv-biznes\/"},"modified":"2005-12-08T06:00:00","modified_gmt":"2005-12-08T05:00:00","slug":"ozon-w-rekach-tv-biznes","status":"publish","type":"post","link":"https:\/\/mediarun.com\/pl\/media\/prasa\/ozon-w-rekach-tv-biznes.html","title":{"rendered":"Ozon w r\u0119kach TV Biznes?"},"content":{"rendered":"<p><P>jeszcze w tym roku &#8211; poinformowa\u0142 prezes TV Biznes Piotr Bare\u0142kowski.<\/P><br \/>\n<P>&#8211; Dochodzimy do konsensusu odno\u015bnie przej\u0119cia. Je\u015bli rozmowy zako\u0144cz\u0105 si\u0119 pomy\u015blnie, przej\u0119cia sp\u00f3\u0142ki mo\u017cna spodziewa\u0107 si\u0119 jeszcze w tym roku &#8211; powiedzia\u0142 Bare\u0142kowski. Prezes nie chcia\u0142 poda\u0107 kwoty zakupu tygodnika.<\/P><br \/>\n<P>Bare\u0142kowski powiedzia\u0142, \u017ce jak na razie TV Biznes nie planuje przej\u0119\u0107 innych medi\u00f3w. &#8211; W tym momencie rozmawiamy z Ozon Media i jeste\u015bmy bardzo zainteresowani zakupem tytu\u0142u. Jak na razie nie my\u015blimy o innych przej\u0119ciach &#8211; powiedzia\u0142.<\/P><br \/>\n<P>Obecnym w\u0142a\u015bcicielem 53 proc. udzia\u0142\u00f3w w tygodniku jest pose\u0142 Janusz Palikot. Poza Palikotem, ponad 10 proc. udzia\u0142\u00f3w w wydawnictwie posiada Zbigniew Drzyma\u0142a, g\u0142\u00f3wny akcjonariusz Inter Groclin Auto.<\/P><\/p>\n","protected":false},"excerpt":{"rendered":"TV Biznes jest zainteresowana przej\u0119ciem tygodnika Ozon. Trwaj\u0105 negocjacje w tej sprawie. Je\u015bli rozmowy potocz\u0105 si\u0119 pomy\u015blnie, TV Biznes przejmie tytu\u0142&#8230;","protected":false},"author":1,"featured_media":83977,"comment_status":"open","ping_status":"closed","sticky":false,"template":"","format":"standard","meta":{"csco_display_header_overlay":false,"csco_singular_sidebar":"","csco_page_header_type":"","csco_page_load_nextpost":"","csco_post_video_location":[],"csco_post_video_location_hash":"","csco_post_video_url":"","csco_post_video_bg_start_time":0,"csco_post_video_bg_end_time":0,"footnotes":""},"categories":[9673],"tags":[],"class_list":{"0":"post-83976","1":"post","2":"type-post","3":"status-publish","4":"format-standard","5":"has-post-thumbnail","7":"category-prasa","8":"cs-entry","9":"cs-video-wrap"},"_links":{"self":[{"href":"https:\/\/mediarun.com\/pl\/wp-json\/wp\/v2\/posts\/83976","targetHints":{"allow":["GET"]}}],"collection":[{"href":"https:\/\/mediarun.com\/pl\/wp-json\/wp\/v2\/posts"}],"about":[{"href":"https:\/\/mediarun.com\/pl\/wp-json\/wp\/v2\/types\/post"}],"author":[{"embeddable":true,"href":"https:\/\/mediarun.com\/pl\/wp-json\/wp\/v2\/users\/1"}],"replies":[{"embeddable":true,"href":"https:\/\/mediarun.com\/pl\/wp-json\/wp\/v2\/comments?post=83976"}],"version-history":[{"count":0,"href":"https:\/\/mediarun.com\/pl\/wp-json\/wp\/v2\/posts\/83976\/revisions"}],"wp:featuredmedia":[{"embeddable":true,"href":"https:\/\/mediarun.com\/pl\/wp-json\/wp\/v2\/media\/83977"}],"wp:attachment":[{"href":"https:\/\/mediarun.com\/pl\/wp-json\/wp\/v2\/media?parent=83976"}],"wp:term":[{"taxonomy":"category","embeddable":true,"href":"https:\/\/mediarun.com\/pl\/wp-json\/wp\/v2\/categories?post=83976"},{"taxonomy":"post_tag","embeddable":true,"href":"https:\/\/mediarun.com\/pl\/wp-json\/wp\/v2\/tags?post=83976"}],"curies":[{"name":"wp","href":"https:\/\/api.w.org\/{rel}","templated":true}]}}