{"id":83946,"date":"2005-12-08T15:17:55","date_gmt":"2005-12-08T14:17:55","guid":{"rendered":"https:\/\/mediarun.com\/index.php\/news-posts\/plebiscyt-na-przeboj-roku-w-rmf-fm\/"},"modified":"2005-12-08T15:17:55","modified_gmt":"2005-12-08T14:17:55","slug":"plebiscyt-na-przeboj-roku-w-rmf-fm","status":"publish","type":"post","link":"https:\/\/mediarun.com\/pl\/media\/radio\/plebiscyt-na-przeboj-roku-w-rmf-fm.html","title":{"rendered":"Plebiscyt na przeb\u00f3j roku w RMF FM"},"content":{"rendered":"<p>Do ko\u0144ca konkursu na antenie radia RMF FM zostanie zaprezentowanych 50 utwor\u00f3w, ubiegaj\u0105cych si\u0119 tytu\u0142. Codziennie, mi\u0119dzy godzin\u0105 5, a 24 rozg\u0142o\u015bnia przedstawi pi\u0119\u0107 konkursowych piosenek, poprzedzonych informacjami na temat utworu oraz sposobu g\u0142osowania.<\/p>\n<p>Na specjalnej stronie internetowej portalu Interia.pl (przebojroku.interia.pl) znajduj\u0105 si\u0119 teledyski niemal wszystkich nominowanych utwor\u00f3w oraz informacje o ich wykonawcach. Co tydzie\u0144, w\u015br\u00f3d g\u0142osuj\u0105cych poprzez Internet, zostanie wylosowanych 17 os\u00f3b, kt\u00f3re otrzymaj\u0105 p\u0142yty CD z najlepsz\u0105 muzyk\u0105.<\/p>\n<p>Ka\u017cdy uczestnik plebiscytu powinien uzasadni\u0107, dlaczego wybra\u0142 w\u0142a\u015bnie t\u0119 piosenk\u0119 &#8211; najciekawsze wypowiedzi zostan\u0105 nagrodzone.<\/p>\n<p>Wielki Fina\u0142 Przeboju Roku 2005 odb\u0119dzie si\u0119 1 stycznia. Program, trwaj\u0105cy od godziny 19 do 23, poprowadzi Darek Maciborek, kt\u00f3ry zaprezentuje &#8222;Top 50&#8221;, w kolejno\u015bci od ko\u0144ca do pierwszej pozycji na li\u015bcie. R\u00f3wnie\u017c wtedy zostan\u0105 przyznane nagrody dla os\u00f3b, kt\u00f3re bra\u0142y udzia\u0142 w plebiscycie, 45 wie\u017c hi-fi (dla s\u0142uchaczy, kt\u00f3rzy przys\u0142ali najlepsze uzasadnienia i g\u0142osowali na utwory z miejsc od 50. do 6.) oraz 5 zestaw\u00f3w kina domowego (analogicznie dla fina\u0142owej 5-tki).<\/p>\n","protected":false},"excerpt":{"rendered":"W pi\u0105tek na antenie RMF FM rusza tegoroczna edycja plebiscytu na Przeb\u00f3j Roku 2005. S\u0142uchacze b\u0119d\u0105 mogli oddawa\u0107 sw\u00f3j g\u0142os do ko\u0144ca roku za po\u015brednictwem kartek pocztowych lub portalu Interia.pl.","protected":false},"author":1,"featured_media":83947,"comment_status":"open","ping_status":"closed","sticky":false,"template":"","format":"standard","meta":{"csco_display_header_overlay":false,"csco_singular_sidebar":"","csco_page_header_type":"","csco_page_load_nextpost":"","csco_post_video_location":[],"csco_post_video_location_hash":"","csco_post_video_url":"","csco_post_video_bg_start_time":0,"csco_post_video_bg_end_time":0,"footnotes":""},"categories":[9672],"tags":[],"class_list":{"0":"post-83946","1":"post","2":"type-post","3":"status-publish","4":"format-standard","5":"has-post-thumbnail","7":"category-radio","8":"cs-entry","9":"cs-video-wrap"},"_links":{"self":[{"href":"https:\/\/mediarun.com\/pl\/wp-json\/wp\/v2\/posts\/83946","targetHints":{"allow":["GET"]}}],"collection":[{"href":"https:\/\/mediarun.com\/pl\/wp-json\/wp\/v2\/posts"}],"about":[{"href":"https:\/\/mediarun.com\/pl\/wp-json\/wp\/v2\/types\/post"}],"author":[{"embeddable":true,"href":"https:\/\/mediarun.com\/pl\/wp-json\/wp\/v2\/users\/1"}],"replies":[{"embeddable":true,"href":"https:\/\/mediarun.com\/pl\/wp-json\/wp\/v2\/comments?post=83946"}],"version-history":[{"count":0,"href":"https:\/\/mediarun.com\/pl\/wp-json\/wp\/v2\/posts\/83946\/revisions"}],"wp:featuredmedia":[{"embeddable":true,"href":"https:\/\/mediarun.com\/pl\/wp-json\/wp\/v2\/media\/83947"}],"wp:attachment":[{"href":"https:\/\/mediarun.com\/pl\/wp-json\/wp\/v2\/media?parent=83946"}],"wp:term":[{"taxonomy":"category","embeddable":true,"href":"https:\/\/mediarun.com\/pl\/wp-json\/wp\/v2\/categories?post=83946"},{"taxonomy":"post_tag","embeddable":true,"href":"https:\/\/mediarun.com\/pl\/wp-json\/wp\/v2\/tags?post=83946"}],"curies":[{"name":"wp","href":"https:\/\/api.w.org\/{rel}","templated":true}]}}