{"id":83902,"date":"2005-12-09T09:53:26","date_gmt":"2005-12-09T08:53:26","guid":{"rendered":"https:\/\/mediarun.com\/index.php\/news-posts\/bankier-pl-wzmacnia-zarzad\/"},"modified":"2005-12-09T09:53:26","modified_gmt":"2005-12-09T08:53:26","slug":"bankier-pl-wzmacnia-zarzad","status":"publish","type":"post","link":"https:\/\/mediarun.com\/pl\/digital\/internet\/bankier-pl-wzmacnia-zarzad.html","title":{"rendered":"Bankier.pl wzmacnia zarz\u0105d"},"content":{"rendered":"<p>Od ponad 2 lat portal finansowy Bankier.pl dynamicznie si\u0119 rozwija. W obecnym roku przychody firmy maj\u0105 wzrosn\u0105\u0107 o blisko 100% do ponad 6 milion\u00f3w z\u0142otych. Liczba u\u017cytkownik\u00f3w korzystaj\u0105cych portalu zbli\u017ca si\u0119 do 1 miliona miesi\u0119cznie. Przed sp\u00f3\u0142k\u0105 stoi nadal wiele wyzwa\u0144, w tym mi\u0119dzy innymi kontynuacja szybkiego wzrostu w kolejnych latach.<\/p>\n<p>W listopadzie do zarz\u0105du portalu do\u0142\u0105czy\u0142y dwie nowe osoby &#8211; Tomasz Ja\u017cdzy\u0144ski i Joanna Kuzdak. Tomasz Ja\u017cd\u017cy\u0144ski obj\u0105\u0142 funkcj\u0119 prezesa zarz\u0105du. W przesz\u0142o\u015bci, na podobnym stanowisku w Interia.pl, doprowadzi\u0142 firm\u0119 do wiod\u0105cej pozycji na rynku i wprowadzi\u0142 j\u0105 na Warszawsk\u0105 Gie\u0142d\u0119 Papier\u00f3w Warto\u015bciowych. Joanna Kuzdak kierowa\u0142a wcze\u015bniej departamentem sprzeda\u017cy w Inteligo Financial Services. Stworzy\u0142a z sukcesem wielokana\u0142ow\u0105 sie\u0107 sprzeda\u017cy, rozwija\u0142a nowe kana\u0142y dystrybucji. W Bankier.pl odpowiada\u0107 b\u0119dzie za sprzeda\u017c produkt\u00f3w finansowych. Wiceprezesem zarz\u0105du odpowiedzialnym za portal, marketing i sprzeda\u017c reklamy pozostaje Piotr W\u0105sowski, zwi\u0105zany z Bankier.pl od 2001 roku.<\/p>\n<p>&#8222;Strategia rozwoju Bankier.pl zak\u0142ada dalszy intensywny rozw\u00f3j sp\u00f3\u0142ki, zar\u00f3wno w obszarze medi\u00f3w, jak i po\u015brednictwa finansowego. W tym kontek\u015bcie wcze\u015bniejsze do\u015bwiadczenia Tomka Ja\u017cd\u017cy\u0144skiego z portali horyzontalnych i medi\u00f3w oraz Joanny Kuzdak w obszarze sprzeda\u017cy produkt\u00f3w finansowych, stanowi\u0105 idealne uzupe\u0142nienie kompetencji sp\u00f3\u0142ki. Jestem przekonany, i\u017c tak poszerzony zarz\u0105d zapewni sprawn\u0105 realizacj\u0119 przyj\u0119tej strategii, co  prze\u0142o\u017cy si\u0119 na d\u0142ugoterminowy sukces Bankier.pl.&#8221; &#8211; m\u00f3wi Piotr Pajewski, przedstawiciel bmp AG, g\u0142\u00f3wnego akcjonariusza Bankier.pl S.A. <\/p>\n<p>Poni\u017cej kr\u00f3tkie portrety cz\u0142onk\u00f3w zarz\u0105du Bankier.pl S.A.:<\/p>\n<p>Tomasz Ja\u017cd\u017cy\u0144ski &#8211; prezes zarz\u0105du &#8211; urodzony 12 marca 1971 roku, jest absolwentem informatyki oraz marketingu i zarz\u0105dzania na Akademii G\u00f3rniczo-Hutniczej w Krakowie. Od pocz\u0105tku kariery zawodowej, jako pracownik Krakowskiego Domu Maklerskiego (obecnie IDM), Agencji Informacyjnej Penetrator i wsp\u00f3\u0142za\u0142o\u017cyciel firmy Abakus Systemy Komputerowe, zwi\u0105zany by\u0142 z bran\u017c\u0105 IT i finansami. W 1999 roku rozpocz\u0105\u0142 prac\u0119 w portalu Interia.pl, pocz\u0105tkowo jako dyrektor serwisu Biznes iEkonomia, a nast\u0119pnie prezes zarz\u0105du. By\u0142 najm\u0142odszym w historii WGPW prezesem sp\u00f3\u0142ki wprowadzanej na gie\u0142d\u0119. Po odej\u015bciu z Interia.pl zwi\u0105za\u0142 si\u0119 w 2005 roku z portalem Wirtualna Polska, gdzie na stanowisku dyrektora finansowego wsp\u00f3\u0142uczestniczy\u0142 w restrukturyzacji sp\u00f3\u0142ki.<\/p>\n<p> Piotr W\u0105sowski &#8211; wiceprezes zarz\u0105du &#8211; urodzony 27 lutego 1973, jest absolwentem finans\u00f3w w Szkole G\u0142\u00f3wnej Handlowej w Warszawie. Od 10 lat zwi\u0105zany z mediami finansowymi. By\u0142 redaktorem naczelnym w Parkiet Media &#8211; wydawcy Gazety Gie\u0142dy Parkiet, a nast\u0119pnie w portalu Euromoney.pl, zarz\u0105dzanym przez Euromoney PLC. Po po\u0142\u0105czeniu portalu Euromoney z Bankier.pl w 2001 roku zaanga\u017cowa\u0142 si\u0119 w tworzenie nowego portalu Bankier.pl. Od 2003 roku cz\u0142onek zarz\u0105du Bankier.pl odpowiedzialny za rozw\u00f3j firmy. Jako wiceprezes Bankier.pl odpowiada\u0142 b\u0119dzie za dalszy rozw\u00f3j portalu, marketing oraz sprzeda\u017c reklamy.<\/p>\n<p>Joanna Kuzdak &#8211; cz\u0142onek zarz\u0105du &#8211; urodzona 10 lipca 1971, uko\u0144czy\u0142a Wy\u017csz\u0105 Szko\u0142\u0119 Ubezpiecze\u0144 i Bankowo\u015bci w Warszawie. Od 10 lat zwi\u0105zana jest z bran\u017c\u0105 ubezpiecze\u0144 i bankowo\u015bci w zakresie budowy struktur sprzeda\u017cy i zarz\u0105dzania sprzeda\u017c\u0105. Od 1996 roku pracowa\u0142a jako Naczelnik Wydzia\u0142u Wsp\u00f3\u0142pracy z Agentami TUiR WARTA S.A., a nast\u0119pnie jako Dyrektor Narodowy Sieci Po\u015brednik\u00f3w Ubezpieczeniowych w PTE BIG Banku GDA\u0143SKIEGO S.A. Przez 4 ostatnie lata pe\u0142ni\u0142a funkcj\u0119 Dyrektor Departamentu Sprzeda\u017cy Inteligo Financial Services S.A. W Bankier.pl odpowiada\u0107 b\u0119dzie za sprzeda\u017c produkt\u00f3w finansowych.<\/p>\n","protected":false},"excerpt":{"rendered":"W zwi\u0105zku z intensywnym rozwojem firmy zarz\u0105d Bankier.pl S.A. zosta\u0142 wzmocniony o dwie nowe osoby z bran\u017cy finans\u00f3w i IT. Prezesem sp\u00f3\u0142ki zosta\u0142 Tomasz Ja\u017cd\u017cy\u0144ski, wcze\u015bniej m.in. w Wirtualnej Polsce i Interia.pl. Stanowisko cz\u0142onka zarz\u0105du odpowiedzialnego za sprzeda\u017c produkt\u00f3w finansowych obj\u0119\u0142a Joanna Kuzdak, wcze\u015bniej dyrektor sprzeda\u017cy w Inteligo.","protected":false},"author":1,"featured_media":0,"comment_status":"open","ping_status":"closed","sticky":false,"template":"","format":"standard","meta":{"csco_display_header_overlay":false,"csco_singular_sidebar":"","csco_page_header_type":"","csco_page_load_nextpost":"","csco_post_video_location":[],"csco_post_video_location_hash":"","csco_post_video_url":"","csco_post_video_bg_start_time":0,"csco_post_video_bg_end_time":0,"footnotes":""},"categories":[9676],"tags":[],"class_list":{"0":"post-83902","1":"post","2":"type-post","3":"status-publish","4":"format-standard","6":"category-internet","7":"cs-entry","8":"cs-video-wrap"},"_links":{"self":[{"href":"https:\/\/mediarun.com\/pl\/wp-json\/wp\/v2\/posts\/83902","targetHints":{"allow":["GET"]}}],"collection":[{"href":"https:\/\/mediarun.com\/pl\/wp-json\/wp\/v2\/posts"}],"about":[{"href":"https:\/\/mediarun.com\/pl\/wp-json\/wp\/v2\/types\/post"}],"author":[{"embeddable":true,"href":"https:\/\/mediarun.com\/pl\/wp-json\/wp\/v2\/users\/1"}],"replies":[{"embeddable":true,"href":"https:\/\/mediarun.com\/pl\/wp-json\/wp\/v2\/comments?post=83902"}],"version-history":[{"count":0,"href":"https:\/\/mediarun.com\/pl\/wp-json\/wp\/v2\/posts\/83902\/revisions"}],"wp:attachment":[{"href":"https:\/\/mediarun.com\/pl\/wp-json\/wp\/v2\/media?parent=83902"}],"wp:term":[{"taxonomy":"category","embeddable":true,"href":"https:\/\/mediarun.com\/pl\/wp-json\/wp\/v2\/categories?post=83902"},{"taxonomy":"post_tag","embeddable":true,"href":"https:\/\/mediarun.com\/pl\/wp-json\/wp\/v2\/tags?post=83902"}],"curies":[{"name":"wp","href":"https:\/\/api.w.org\/{rel}","templated":true}]}}