{"id":83880,"date":"2005-12-09T15:40:46","date_gmt":"2005-12-09T14:40:46","guid":{"rendered":"https:\/\/mediarun.com\/index.php\/news-posts\/co-z-tym-radiem-maryja\/"},"modified":"2005-12-09T15:40:46","modified_gmt":"2005-12-09T14:40:46","slug":"co-z-tym-radiem-maryja","status":"publish","type":"post","link":"https:\/\/mediarun.com\/pl\/media\/radio\/co-z-tym-radiem-maryja.html","title":{"rendered":"Co z tym Radiem Maryja?"},"content":{"rendered":"<p>Senator Stefan Niesio\u0142owski stwierdzi\u0142, \u017ce radio jest problemem polskiej demokracji. W ostrych s\u0142owach skrytykowa\u0142 jego &#8222;za\u0142ganie i prezentowanie gruntownie nieprawdziwej wizji najnowszej historii Polski&#8221;. Nie ust\u0119powa\u0142 mu pose\u0142 LPR Wojciech Wierzejski. Przekonywa\u0142, \u017ce misj\u0105 rozg\u0142o\u015bni jest &#8222;ewangelizacja, katechizacja i patriotyzm&#8221;. &#8222;Dziwi\u0119 si\u0119 postawie pos\u0142a Niesio\u0142owskiego, kt\u00f3ry jest takim dy\u017curnym obszczekiwaczem Radia Maryja.&#8221; &#8211; doda\u0142.<\/p>\n<p>V-ce Marsza\u0142ek Sejmu Bronis\u0142aw Komorowski zauwa\u017cy\u0142 dwa aspekty dzia\u0142ania Radia Maryja: &#8222;Na pewno zaspakaja potrzeby pewnego typu religijno\u015bci w Polsce i to jest jego wielka zas\u0142uga. I to nie jest przedmiotem krytyki. Wed\u0142ug mnie Radio Maryja nieopatrznie, bardzo zdecydowanie i regularnie wkracza w sfer\u0119 aktywno\u015bci politycznej. W ten spos\u00f3b zamiast \u0142\u0105czy\u0107, tak jak Ko\u015bci\u00f3\u0142 powinien \u0142\u0105czy\u0107 wszystkich i ochrzczonych i przyci\u0105ga\u0107 nieochrzczonych, to radio dzieli w spos\u00f3b bardzo brutalny i bardzo bolesny.&#8221;<\/p>\n<p>Wsp\u00f3\u0142odpowiedzialno\u015bci\u0105 za przedstawiony stan rzeczy Komorowski obarcza polityk\u00f3w PiS i LPR, kt\u00f3rzy &#8222;Radio Maryja, ojca Rydzyka i ca\u0142\u0105 grup\u0119 ludzi tam skupionych traktuj\u0105 instrumentalnie, jako swoje narz\u0119dzie dzia\u0142alno\u015bci politycznej ze szkod\u0105 dla Ko\u015bcio\u0142a Powszechnego, \u017ce szkod\u0105 dla polskiej demokracji i tak\u017ce ze szkod\u0105 dla Radia Maryja.&#8221;<\/p>\n<p>Ksi\u0105dz Kazimierz Sowa zauwa\u017cy\u0142, i\u017c ostatnimi czasy PiS<br \/>\ni LPR licytuj\u0105 si\u0119 ze sob\u0105 nawzajem, kto jest wi\u0119kszym obro\u0144c\u0105 Radia Maryja. Przytoczy\u0142 wypowied\u017a znajomego mu polityka PiSu w sprawie zabiegania o g\u0142osy elektoratu Ojca Rydzyka: &#8222;Troch\u0119 to obciach tak je\u017adzi\u0107 i prosi\u0107, ale 5% przeci\u0105gniemy na swoj\u0105 stron\u0119&#8221;.<\/p>\n<p>Pose\u0142 PiSu Tadeusz Cyma\u0144ski ripostowa\u0142: &#8222;Mo\u017cemy krytycznie ocenia\u0107 takie czy inne tre\u015bci, ale prosz\u0119 nie m\u00f3wi\u0107, \u017ce my instrumentalnie traktujemy tych ludzi. (&#8230;)Kr\u00f3tkie o\u015bwiadczenie. Nigdy nie zabiegali\u015bmy i nie b\u0119dziemy zabiega\u0107 jako politycy o poparcie!&#8221;<\/p>\n<p>Podczas programu trwa\u0142a sonda SMSowa. Pytanie by\u0142o identyczne, z tematem debaty. 82 proc. telewidz\u00f3w stwierdzi\u0142o, \u017ce &#8222;problem Radia Maryja&#8221; istnieje, 18 proc. by\u0142o przeciw.<\/p>\n","protected":false},"excerpt":{"rendered":"&#8222;\u017badne polskie medium nigdy nie budzi\u0142o takich nami\u0119tno\u015bci. \u017baden polski ksi\u0105dz nigdy nie budzi\u0142 tak sprzecznych uczu\u0107 i chyba \u017caden nie mia\u0142 tak wielkiego wp\u0142ywu na bie\u017c\u0105c\u0105 polsk\u0105 polityk\u0119&#8221; &#8211; tymi s\u0142owami Tomasz Lis rozpocz\u0105\u0142 czwartkow\u0105 debat\u0119 w programie &#8222;Co z t\u0105 Polsk\u0105?&#8221;. Go\u015bcie zastanawiali si\u0119 czy istnieje &#8222;problem Radia Maryja&#8221;.","protected":false},"author":1,"featured_media":83881,"comment_status":"open","ping_status":"closed","sticky":false,"template":"","format":"standard","meta":{"csco_display_header_overlay":false,"csco_singular_sidebar":"","csco_page_header_type":"","csco_page_load_nextpost":"","csco_post_video_location":[],"csco_post_video_location_hash":"","csco_post_video_url":"","csco_post_video_bg_start_time":0,"csco_post_video_bg_end_time":0,"footnotes":""},"categories":[9672],"tags":[],"class_list":{"0":"post-83880","1":"post","2":"type-post","3":"status-publish","4":"format-standard","5":"has-post-thumbnail","7":"category-radio","8":"cs-entry","9":"cs-video-wrap"},"_links":{"self":[{"href":"https:\/\/mediarun.com\/pl\/wp-json\/wp\/v2\/posts\/83880","targetHints":{"allow":["GET"]}}],"collection":[{"href":"https:\/\/mediarun.com\/pl\/wp-json\/wp\/v2\/posts"}],"about":[{"href":"https:\/\/mediarun.com\/pl\/wp-json\/wp\/v2\/types\/post"}],"author":[{"embeddable":true,"href":"https:\/\/mediarun.com\/pl\/wp-json\/wp\/v2\/users\/1"}],"replies":[{"embeddable":true,"href":"https:\/\/mediarun.com\/pl\/wp-json\/wp\/v2\/comments?post=83880"}],"version-history":[{"count":0,"href":"https:\/\/mediarun.com\/pl\/wp-json\/wp\/v2\/posts\/83880\/revisions"}],"wp:featuredmedia":[{"embeddable":true,"href":"https:\/\/mediarun.com\/pl\/wp-json\/wp\/v2\/media\/83881"}],"wp:attachment":[{"href":"https:\/\/mediarun.com\/pl\/wp-json\/wp\/v2\/media?parent=83880"}],"wp:term":[{"taxonomy":"category","embeddable":true,"href":"https:\/\/mediarun.com\/pl\/wp-json\/wp\/v2\/categories?post=83880"},{"taxonomy":"post_tag","embeddable":true,"href":"https:\/\/mediarun.com\/pl\/wp-json\/wp\/v2\/tags?post=83880"}],"curies":[{"name":"wp","href":"https:\/\/api.w.org\/{rel}","templated":true}]}}