{"id":83869,"date":"2005-12-10T11:37:39","date_gmt":"2005-12-10T10:37:39","guid":{"rendered":"https:\/\/mediarun.com\/index.php\/news-posts\/moher-pod-mlotek\/"},"modified":"2005-12-10T11:37:39","modified_gmt":"2005-12-10T10:37:39","slug":"moher-pod-mlotek","status":"publish","type":"post","link":"https:\/\/mediarun.com\/pl\/trendy\/branding\/moher-pod-mlotek.html","title":{"rendered":"Moher pod m\u0142otek"},"content":{"rendered":"<p>&#8211; Przyjdzie moda na moherowe kapelusze &#8211; za\u017cartowa\u0142 premier w TVN-owskim programie &#8222;Teraz my!&#8221;. <\/p>\n<p>&#8222;Jak chcia\u0142, tak ma: specjalnie dla niego powsta\u0142o wyj\u0105tkowe nakrycie g\u0142owy. Lekkie, dobre na jesie\u0144, z klas\u0105. Andrzej Morozowski (43 l.) i Tomasz Sekielski (31 l.), dziennikarze prowadz\u0105cy program, postanowili podarowa\u0107 Kazimierzowi Marcinkiewiczowi (46 l.) ten niezwyk\u0142y kapelusz. Ale polityk wzdryga\u0142 si\u0119, waha\u0142 i w ko\u0144cu prezentu nie przyj\u0105\u0142.&#8221; &#8211; pisze Super Express.<\/p>\n<p>&#8211; Naprawd\u0119 szkoda. To dobra robota, prac\u0119 nad kapeluszem nadzorowa\u0142 znany stylista, S\u0142awek Blaszewski &#8211; wyja\u015bnia dziennikowi Andrzej Morozowski. <\/p>\n<p>&#8222;Ale nie ma tego z\u0142ego: nakrycie g\u0142owy zostanie zlicytowane, a pieni\u0105dze przekazane na TVN-owsk\u0105 fundacj\u0119 &#8222;Nie jeste\u015b sam&#8221; i chore dzieci. Cena wyj\u015bciowa: 40 z\u0142. Kapelusz ju\u017c trafi\u0142 na internetow\u0105 aukcj\u0119. S\u0105 ludzie gotowi zap\u0142aci\u0107 za nie grube pieni\u0105dze: nawet 1500 z\u0142. Kto wie, mo\u017ce ten, kto kupi kapelusz, zostanie jeszcze kiedy\u015b premierem? Moherowe cudo mo\u017cna licytowa\u0107 do niedzieli, do godz. 19.05.&#8221; &#8211; czytamy w dzienniku.<\/p>\n<p>Licytacja MOHERU; Aby wzi\u0105\u0107 udzia\u0142 w licytacji moherowego kapelusza, wystarczy wej\u015b\u0107 na stron\u0119: www.aukcja.onet.pl. Kto kupi wyj\u0105tkowe nakrycie g\u0142owy, dowiemy si\u0119 w programie &#8222;Teraz my!&#8221;, we wtorek, o godz. 22.30, w TVN.<\/p>\n","protected":false},"excerpt":{"rendered":"&#8222;Oto hit jesieni. By\u0142 uszyty dla samego premiera: granatowy, z w\u0142osiem, pasowa\u0142 jak ula\u0142. Ale Kazimierzowi Marcinkiewiczowi chyba nie u\u015bmiecha\u0142o si\u0119 chodzi\u0107 w moherowym kapeluszu, bo prezentu nie przyj\u0105\u0142. Teraz nakrycie g\u0142owy zostanie zlicytowane.&#8221; &#8211; pisze Super Express.","protected":false},"author":1,"featured_media":0,"comment_status":"open","ping_status":"closed","sticky":false,"template":"","format":"standard","meta":{"csco_display_header_overlay":false,"csco_singular_sidebar":"","csco_page_header_type":"","csco_page_load_nextpost":"","csco_post_video_location":[],"csco_post_video_location_hash":"","csco_post_video_url":"","csco_post_video_bg_start_time":0,"csco_post_video_bg_end_time":0,"footnotes":""},"categories":[9658],"tags":[],"class_list":{"0":"post-83869","1":"post","2":"type-post","3":"status-publish","4":"format-standard","6":"category-branding","7":"cs-entry","8":"cs-video-wrap"},"_links":{"self":[{"href":"https:\/\/mediarun.com\/pl\/wp-json\/wp\/v2\/posts\/83869","targetHints":{"allow":["GET"]}}],"collection":[{"href":"https:\/\/mediarun.com\/pl\/wp-json\/wp\/v2\/posts"}],"about":[{"href":"https:\/\/mediarun.com\/pl\/wp-json\/wp\/v2\/types\/post"}],"author":[{"embeddable":true,"href":"https:\/\/mediarun.com\/pl\/wp-json\/wp\/v2\/users\/1"}],"replies":[{"embeddable":true,"href":"https:\/\/mediarun.com\/pl\/wp-json\/wp\/v2\/comments?post=83869"}],"version-history":[{"count":0,"href":"https:\/\/mediarun.com\/pl\/wp-json\/wp\/v2\/posts\/83869\/revisions"}],"wp:attachment":[{"href":"https:\/\/mediarun.com\/pl\/wp-json\/wp\/v2\/media?parent=83869"}],"wp:term":[{"taxonomy":"category","embeddable":true,"href":"https:\/\/mediarun.com\/pl\/wp-json\/wp\/v2\/categories?post=83869"},{"taxonomy":"post_tag","embeddable":true,"href":"https:\/\/mediarun.com\/pl\/wp-json\/wp\/v2\/tags?post=83869"}],"curies":[{"name":"wp","href":"https:\/\/api.w.org\/{rel}","templated":true}]}}