{"id":83816,"date":"2005-12-12T06:00:00","date_gmt":"2005-12-12T05:00:00","guid":{"rendered":"https:\/\/mediarun.com\/index.php\/news-posts\/niepewny-los-ozonu\/"},"modified":"2005-12-12T06:00:00","modified_gmt":"2005-12-12T05:00:00","slug":"niepewny-los-ozonu","status":"publish","type":"post","link":"https:\/\/mediarun.com\/pl\/media\/prasa\/niepewny-los-ozonu.html","title":{"rendered":"Niepewny los Ozonu"},"content":{"rendered":"<p>\u017ce rozmowy z TV Biznes o sprzeda\u017cy tytu\u0142u trwaj\u0105&#8230;<BR><BR>Dementi g\u0142\u00f3wnego udzia\u0142owca tygodnika i pos\u0142a PO jest kr\u00f3tkie: &#8222;O\u015bwiadczam, \u017ce nigdy nie udzieli\u0142em nast\u0119puj\u0105cej wypowiedzi, jaka pojawi\u0142a si\u0119 w depeszy PAP z 8 grudnia 2005 r.: &raquo; Wygl\u0105da na to, \u017ce do ko\u0144ca roku sp\u00f3\u0142ka Ozon Media zostanie sprzedana TV Biznes &laquo;. Wszelkie rozmowy na temat sprzeda\u017cy udzia\u0142\u00f3w sp\u00f3\u0142ki Ozon Media prowadzone s\u0105 za po\u015brednictwem Erste Security Polska&#8221;.<BR><BR>O tym, \u017ce trwaj\u0105 rozmowy w sprawie sprzeda\u017cy Ozonu sp\u00f3\u0142ce Media Biznes, napisali\u015bmy w pi\u0105tek, powo\u0142uj\u0105c si\u0119 na depesze PAP. Piotr Bare\u0142kowski, szef TV Biznes, potwierdzi\u0142 nam, \u017ce jest zainteresowany zakupem tygodnika i &#8222;bada materia\u0142y sp\u00f3\u0142ki&#8221;.<BR><BR>Jednak o\u015bwiadczenie Palikota wcale nie oznacza, \u017ce rozmowy z TV Biznes nie s\u0105 prowadzone! Jak powiedzia\u0142a nam Miros\u0142awa \u0141omnicka, dyrektor marketingu Ozon Media, rozpocz\u0105\u0142 je Micha\u0142 Je\u017cewski, prezes sp\u00f3\u0142ki Ozon Media, a nie sam Palikot. &#8211; I trwaj\u0105 one nadal &#8211; zapewnia \u0141omnicka. <BR><BR>Jej informacje potwierdza Bare\u0142kowski i dodaje, \u017ce prowadzi\u0142 rozmowy z szefem Ozon Media, a obecnie jest w kontakcie z Erste Bankiem, kt\u00f3ry mia\u0142 znale\u017a\u0107 inwestora bran\u017cowego dla tej sp\u00f3\u0142ki.<BR><BR>&#8211; Co wobec tego dementuje Janusz Palikot? &#8211; zapytali\u015bmy \u0141omnick\u0105. &#8211; Bank prowadzi rozmowy z inwestorami i pan Janusz Palikot jako udzia\u0142owiec chce podkre\u015bli\u0107, \u017ce nie wtr\u0105ca si\u0119 w ten proces &#8211; t\u0142umaczy szefowa marketingu Ozon Media. <BR><BR>To nie pierwsze nieporozumienie przy sprzeda\u017cy Ozonu. W po\u0142owie listopada pojawi\u0142y si\u0119 pog\u0142oski, \u017ce tytu\u0142 ma kupi\u0107 austriacki koncern Styria Medien. Zarz\u0105d Ozon Media nie zaprzecza\u0142, a prezes tej sp\u00f3\u0142ki powiedzia\u0142 nam, \u017ce austriackie wydawnictwo jest jednym z czterech podmiot\u00f3w zainteresowanych zakupem tygodnika.<\/p>\n","protected":false},"excerpt":{"rendered":"Janusz Palikot zaprzecza temu, jakoby powiedzia\u0142, \u017ce tygodnik Ozon zostanie sprzedany do ko\u0144ca roku nadawcy TV Biznes. Jednocze\u015bnie wydawnictwo Ozon Media potwierdza&#8230;","protected":false},"author":1,"featured_media":83817,"comment_status":"open","ping_status":"closed","sticky":false,"template":"","format":"standard","meta":{"csco_display_header_overlay":false,"csco_singular_sidebar":"","csco_page_header_type":"","csco_page_load_nextpost":"","csco_post_video_location":[],"csco_post_video_location_hash":"","csco_post_video_url":"","csco_post_video_bg_start_time":0,"csco_post_video_bg_end_time":0,"footnotes":""},"categories":[9673],"tags":[],"class_list":{"0":"post-83816","1":"post","2":"type-post","3":"status-publish","4":"format-standard","5":"has-post-thumbnail","7":"category-prasa","8":"cs-entry","9":"cs-video-wrap"},"_links":{"self":[{"href":"https:\/\/mediarun.com\/pl\/wp-json\/wp\/v2\/posts\/83816","targetHints":{"allow":["GET"]}}],"collection":[{"href":"https:\/\/mediarun.com\/pl\/wp-json\/wp\/v2\/posts"}],"about":[{"href":"https:\/\/mediarun.com\/pl\/wp-json\/wp\/v2\/types\/post"}],"author":[{"embeddable":true,"href":"https:\/\/mediarun.com\/pl\/wp-json\/wp\/v2\/users\/1"}],"replies":[{"embeddable":true,"href":"https:\/\/mediarun.com\/pl\/wp-json\/wp\/v2\/comments?post=83816"}],"version-history":[{"count":0,"href":"https:\/\/mediarun.com\/pl\/wp-json\/wp\/v2\/posts\/83816\/revisions"}],"wp:featuredmedia":[{"embeddable":true,"href":"https:\/\/mediarun.com\/pl\/wp-json\/wp\/v2\/media\/83817"}],"wp:attachment":[{"href":"https:\/\/mediarun.com\/pl\/wp-json\/wp\/v2\/media?parent=83816"}],"wp:term":[{"taxonomy":"category","embeddable":true,"href":"https:\/\/mediarun.com\/pl\/wp-json\/wp\/v2\/categories?post=83816"},{"taxonomy":"post_tag","embeddable":true,"href":"https:\/\/mediarun.com\/pl\/wp-json\/wp\/v2\/tags?post=83816"}],"curies":[{"name":"wp","href":"https:\/\/api.w.org\/{rel}","templated":true}]}}