{"id":83799,"date":"2005-12-12T15:54:52","date_gmt":"2005-12-12T14:54:52","guid":{"rendered":"https:\/\/mediarun.com\/index.php\/news-posts\/nowy-program-publicystyczny-w-tele5\/"},"modified":"2005-12-12T15:54:52","modified_gmt":"2005-12-12T14:54:52","slug":"nowy-program-publicystyczny-w-tele5","status":"publish","type":"post","link":"https:\/\/mediarun.com\/pl\/media\/tv\/nowy-program-publicystyczny-w-tele5.html","title":{"rendered":"Nowy program publicystyczny w Tele5"},"content":{"rendered":"<p>Ju\u017c we wrze\u015bniu Telewizja Tele5 zdecydowa\u0142a si\u0119 wzbogaci\u0107 ram\u00f3wk\u0119 o autorski program publicystyczny Tomasza Wo\u0142ka &#8222;10 minut&#8221;, kt\u00f3ry spotka\u0142 si\u0119 z entuzjazmem i zdoby\u0142 sobie sta\u0142e grono widz\u00f3w. Teraz do\u0142\u0105cza do niego drugi program publicystyczny &#8222;Go\u015b\u0107 Tele5&#8221;.<\/p>\n<p>Pomys\u0142odawc\u0105 programu jest Tomasz Wo\u0142ek, natomiast prowadz\u0105 go na zmian\u0119 dziennikarka &#8222;Newsweek Polska&#8221; Amelia \u0141ukasiak oraz komentator tygodnika &#8222;Solidarno\u015b\u0107&#8221; Maciej \u0141\u0119towski. Go\u015b\u0107mi programu b\u0119d\u0105 politycy i inne osoby z pierwszych stron gazet, a rozmowy z nimi b\u0119d\u0105 dotyczy\u0142y aktualnych, istotnych wydarze\u0144 politycznych i spo\u0142ecznych w Polsce.<\/p>\n<p>Program mo\u017cna ogl\u0105da\u0107 od poniedzia\u0142ku do czwartku o 16.45 w Tele5.<\/p>\n","protected":false},"excerpt":{"rendered":"Telewizja Tele5 do\u0142\u0105cza do grona stacji opiniotw\u00f3rczych. Rozszerzaj\u0105c ram\u00f3wk\u0119 o nowy program publicystyczny &#8222;Go\u015b\u0107 Tele5&#8221; wychodzi naprzeciw oczekiwaniom telewidz\u00f3w. &#8222;Go\u015b\u0107 Tele5&#8221; od poniedzia\u0142ku do czwartku o 16:45.","protected":false},"author":1,"featured_media":83800,"comment_status":"open","ping_status":"closed","sticky":false,"template":"","format":"standard","meta":{"csco_display_header_overlay":false,"csco_singular_sidebar":"","csco_page_header_type":"","csco_page_load_nextpost":"","csco_post_video_location":[],"csco_post_video_location_hash":"","csco_post_video_url":"","csco_post_video_bg_start_time":0,"csco_post_video_bg_end_time":0,"footnotes":""},"categories":[9670],"tags":[],"class_list":{"0":"post-83799","1":"post","2":"type-post","3":"status-publish","4":"format-standard","5":"has-post-thumbnail","7":"category-tv","8":"cs-entry","9":"cs-video-wrap"},"_links":{"self":[{"href":"https:\/\/mediarun.com\/pl\/wp-json\/wp\/v2\/posts\/83799","targetHints":{"allow":["GET"]}}],"collection":[{"href":"https:\/\/mediarun.com\/pl\/wp-json\/wp\/v2\/posts"}],"about":[{"href":"https:\/\/mediarun.com\/pl\/wp-json\/wp\/v2\/types\/post"}],"author":[{"embeddable":true,"href":"https:\/\/mediarun.com\/pl\/wp-json\/wp\/v2\/users\/1"}],"replies":[{"embeddable":true,"href":"https:\/\/mediarun.com\/pl\/wp-json\/wp\/v2\/comments?post=83799"}],"version-history":[{"count":0,"href":"https:\/\/mediarun.com\/pl\/wp-json\/wp\/v2\/posts\/83799\/revisions"}],"wp:featuredmedia":[{"embeddable":true,"href":"https:\/\/mediarun.com\/pl\/wp-json\/wp\/v2\/media\/83800"}],"wp:attachment":[{"href":"https:\/\/mediarun.com\/pl\/wp-json\/wp\/v2\/media?parent=83799"}],"wp:term":[{"taxonomy":"category","embeddable":true,"href":"https:\/\/mediarun.com\/pl\/wp-json\/wp\/v2\/categories?post=83799"},{"taxonomy":"post_tag","embeddable":true,"href":"https:\/\/mediarun.com\/pl\/wp-json\/wp\/v2\/tags?post=83799"}],"curies":[{"name":"wp","href":"https:\/\/api.w.org\/{rel}","templated":true}]}}