{"id":83789,"date":"2005-12-12T16:12:34","date_gmt":"2005-12-12T15:12:34","guid":{"rendered":"https:\/\/mediarun.com\/index.php\/news-posts\/spotkanie-premiera-z-krrit\/"},"modified":"2005-12-12T16:12:34","modified_gmt":"2005-12-12T15:12:34","slug":"spotkanie-premiera-z-krrit","status":"publish","type":"post","link":"https:\/\/mediarun.com\/pl\/media\/tv\/spotkanie-premiera-z-krrit.html","title":{"rendered":"Spotkanie premiera z KRRiT"},"content":{"rendered":"<p>Powstanie r\u00f3wnie\u017c dokument o spo\u0142ecznych skutkach cyfryzacji (okre\u015blenia wymaga m.in. kwestia finansowania zakupu urz\u0105dze\u0144 s\u0142u\u017c\u0105cych do odbioru telewizji cyfrowej, odpowied\u017a na pytanie czy ci\u0119\u017car zakupu maj\u0105 ponie\u015b\u0107 odbiorcy, czy te\u017c b\u0119dzie on w jakiej\u015b cz\u0119\u015bci pokrywany przez pa\u0144stwo).<\/p>\n<p>Premier Kazimierz Marcinkiewicz poruszy\u0142 r\u00f3wnie\u017c kwesti\u0119 radia nadaj\u0105cego dla Bia\u0142orusi, Przewodnicz\u0105ca KRRiT &#8211; Danuta Waniek poinformowa\u0142a o trwaj\u0105cej procedurze rozpatrywania wniosk\u00f3w koncesyjnych z\u0142o\u017conych przez podmioty zainteresowane realizacj\u0105 tego przedsi\u0119wzi\u0119cia.<br \/>\nPodczas spotkania nie poruszano kwestii zwi\u0105zanych ze zg\u0142oszonym przez pos\u0142\u00f3w Prawa i Sprawiedliwo\u015bci projektem ustawy o radiofonii i telewizji.<\/p>\n","protected":false},"excerpt":{"rendered":"Premier Kazimierz Marcinkiewicz spotka\u0142 si\u0119 dzisiaj z cz\u0142onkami Krajowej Rady Radiofonii i Telewizji .\nSpotkanie dotyczy\u0142o g\u0142ownie prac zwi\u0105zanych z rozwojem naziemnej telewizji i radiofonii cyfrowej. Premier Kazimierz Marcinkiewicz poinformowa\u0142, \u017ce wznowione zostan\u0105 prace mi\u0119dzyresortowego zespo\u0142u do spraw cyfryzacji.","protected":false},"author":1,"featured_media":83790,"comment_status":"open","ping_status":"closed","sticky":false,"template":"","format":"standard","meta":{"csco_display_header_overlay":false,"csco_singular_sidebar":"","csco_page_header_type":"","csco_page_load_nextpost":"","csco_post_video_location":[],"csco_post_video_location_hash":"","csco_post_video_url":"","csco_post_video_bg_start_time":0,"csco_post_video_bg_end_time":0,"footnotes":""},"categories":[9670],"tags":[],"class_list":{"0":"post-83789","1":"post","2":"type-post","3":"status-publish","4":"format-standard","5":"has-post-thumbnail","7":"category-tv","8":"cs-entry","9":"cs-video-wrap"},"_links":{"self":[{"href":"https:\/\/mediarun.com\/pl\/wp-json\/wp\/v2\/posts\/83789","targetHints":{"allow":["GET"]}}],"collection":[{"href":"https:\/\/mediarun.com\/pl\/wp-json\/wp\/v2\/posts"}],"about":[{"href":"https:\/\/mediarun.com\/pl\/wp-json\/wp\/v2\/types\/post"}],"author":[{"embeddable":true,"href":"https:\/\/mediarun.com\/pl\/wp-json\/wp\/v2\/users\/1"}],"replies":[{"embeddable":true,"href":"https:\/\/mediarun.com\/pl\/wp-json\/wp\/v2\/comments?post=83789"}],"version-history":[{"count":0,"href":"https:\/\/mediarun.com\/pl\/wp-json\/wp\/v2\/posts\/83789\/revisions"}],"wp:featuredmedia":[{"embeddable":true,"href":"https:\/\/mediarun.com\/pl\/wp-json\/wp\/v2\/media\/83790"}],"wp:attachment":[{"href":"https:\/\/mediarun.com\/pl\/wp-json\/wp\/v2\/media?parent=83789"}],"wp:term":[{"taxonomy":"category","embeddable":true,"href":"https:\/\/mediarun.com\/pl\/wp-json\/wp\/v2\/categories?post=83789"},{"taxonomy":"post_tag","embeddable":true,"href":"https:\/\/mediarun.com\/pl\/wp-json\/wp\/v2\/tags?post=83789"}],"curies":[{"name":"wp","href":"https:\/\/api.w.org\/{rel}","templated":true}]}}