{"id":83782,"date":"2005-12-12T16:46:50","date_gmt":"2005-12-12T15:46:50","guid":{"rendered":"https:\/\/mediarun.com\/index.php\/news-posts\/zwycieski-wroclaw-na-tegorocznym-pik-u\/"},"modified":"2005-12-12T16:46:50","modified_gmt":"2005-12-12T15:46:50","slug":"zwycieski-wroclaw-na-tegorocznym-pik-u","status":"publish","type":"post","link":"https:\/\/mediarun.com\/pl\/media\/tv\/zwycieski-wroclaw-na-tegorocznym-pik-u.html","title":{"rendered":"Zwyci\u0119ski Wroc\u0142aw na tegorocznym PIK-u"},"content":{"rendered":"<p>Marcin Brodowski dziennikarz wroc\u0142awskich &#8222;Fakt\u00f3w&#8221; zdoby\u0142 drug\u0105 nagrod\u0119 w kategorii najlepszy reporter i wideo reporter programu informacyjnego. Otrzyma\u0142 j\u0105 za wyj\u0105tkowy materia\u0142 o tym, jak wiceprezydent Wroc\u0142awia Adam Grehl wraca\u0142 z Seulu, gdzie prowadzi\u0142 negocjacje z Philipsem. Nie m\u00f3g\u0142 zdradzi\u0107 efektu rozm\u00f3w dziennikarzom &#8211; dlatego Marcin poda\u0142 analizie jego mow\u0119 cia\u0142a. Autor nagrodzonego news-a pracuje w oddziale TVP 3 Wroc\u0142aw od 1997 roku.<\/p>\n<p>Piotr W\u0105si\u0144ski m\u0142ody dokumentalista wroc\u0142awskiego o\u015brodka zdoby\u0142 pierwsza nagrod\u0119 w kategorii autor najlepszego reporta\u017cu za film pt. &#8222;Skazana na wolno\u015b\u0107&#8221;. W dokumencie poznajemy losy kobiety, kt\u00f3ra po 10 latach przebywania za kratami wychodzi na wolno\u015b\u0107 i pr\u00f3buje u\u0142o\u017cy\u0107 sobie \u017cycie. Piotr za ten film zosta\u0142 r\u00f3wnie\u017c nagrodzony podczas tegorocznego Festiwalu Medi\u00f3w w \u0141odzi i odebra\u0142 nagrod\u0119 im. Aleksandra Kami\u0144skiego.<\/p>\n<p>Magdalena Pawlinow i Marek Obszarny otrzymali nagrod\u0119, za najlepszy program autorski pt.: &#8222;M2 On i Ona&#8221;. Jest to cykl przedstawiaj\u0105cy w krzywym zwierciadle damsko m\u0119skie perypetie. Autorzy a jednocze\u015bnie prowadz\u0105cy s\u0105 zar\u00f3wno par\u0105 w \u017cyciu jak i w programie. Na antenie Magda i Marek przekomarzaj\u0105 si\u0119 na temat podzia\u0142u \u015awiata na m\u0119ski i \u017ce\u0144ski. Z rozm\u00f3w tych wynika wiele zabawnych sytuacji. Program od wrze\u015bnia jest emitowany na antenie TVP 3 Wroc\u0142aw w sobot\u0119.<\/p>\n<p>TVP 3 Wroc\u0142aw otrzyma\u0142a nagrod\u0119 specjaln\u0105 &#8222;Dla Dyrekcji i Pracownik\u00f3w TVP 3 Wroc\u0142aw&#8221;<\/p>\n<p>Tegoroczny PIK rozpocz\u0105\u0142 si\u0119 ju\u017c 7 grudnia Kolegium Dyrektor\u00f3w O\u015brodk\u00f3w Terenowych we Wroc\u0142awiu. W czwartek i pi\u0105tek prezentowane by\u0142y programy audycje, reporta\u017ce zg\u0142oszone do konkursu. W mi\u0119dzyczasie prowadzone by\u0142y r\u00f3wnie\u017c warsztaty dziennikarskie, po\u0142\u0105czone z rozmowami i debatami dotycz\u0105cymi obecnego rynku medialnego i zawodu dziennikarza. <\/p>\n<p>egoroczni laureaci i sk\u0142ad komisji<\/p>\n<p>Jury 11 Przegl\u0105du i Konkursu Dziennikarskiego Oddzia\u0142\u00f3w Terenowych TVP S.A. &#8211; w sk\u0142adzie: Piotr Radziszewski &#8211; przewodnicz\u0105cy, cz\u0142onkowie: Barbara Czajkowska, Ryszard Giedroj\u0107, Miros\u0142aw Gronowski, Robert Kozak, S\u0142awomir Koz\u0142owski, Dariusz \u0141ukawski, Halina Marsza\u0142ek, Edward Miko\u0142ajczyk, Jacek Snopkiewicz, Jerzy Uszy\u0144ski, Janusz Wo\u0142cz, postanowi\u0142o przyzna\u0107 nast\u0119puj\u0105ce nagrody i wyr\u00f3\u017cnienia:<\/p>\n<p>w kategorii 1 &#8211; najlepszy program informacyjny, nagrod\u0119 g\u0142\u00f3wn\u0105 Grand Prix otrzyma\u0142 zesp\u00f3\u0142 &#8222;Teleskopu&#8221; z OTV Pozna\u0144<\/p>\n<p>wyr\u00f3\u017cnienie zesp\u00f3\u0142 &#8222;Informacji Lubuskich&#8221; z Gorzowa Wlkp.<\/p>\n<p>w kategorii 2 &#8211; najlepszy wydawca programu informacyjnego: 1 nagrod\u0119 otrzyma\u0142a Aleksandra Fudala z OTV Katowice 2 nagrod\u0119 &#8211; Jolanta Roman-Stefanowska z OTV Gda\u0144sk<\/p>\n<p>wyr\u00f3\u017cnienia:Beata Mes z OTV Pozna\u0144 i Agnieszka Mieleszkiewicz z OTV Warszawa<\/p>\n<p>w kategorii 3 &#8211; najlepszy reporter i wideoreporter programu informacyjnego 1 nagrod\u0119 zdoby\u0142 Tomasz Chaci\u0144ski z OTV Szczecin 2 nagrod\u0119 &#8211; Marcin Brodowski z OTV Wroc\u0142aw<\/p>\n<p>wyr\u00f3\u017cnienia: Piotr Dziemia\u0144czuk z OTV Szczecin, Beata Wola\u0144ska z OTV Rzesz\u00f3w, Agnieszka Mieleszkiewicz z OTV Warszawa<\/p>\n<p>w kategorii 4 &#8211; autor najlepszej rozmowy (wywiadu) wyr\u00f3\u017cnienia otrzymali: Robert Siwiec z OTV Kielce, Piotr Wojtkowiak z OTV Gorz\u00f3w Wlkp., Anna Trzci\u0144ska z OTV Bydgoszcz<\/p>\n<p>w kategorii 5 &#8211; autor najlepszego reporta\u017cu przyznano: 1 nagrod\u0119 &#8211; Piotrowi W\u0105si\u0144skemui z OTV Wroc\u0142aw za &#8222;Skazan\u0105 na wolno\u015b\u0107&#8221;<\/p>\n<p>oraz wyr\u00f3\u017cnienia: Zbys\u0142awowi Kaczmarkowi z OTV Pozna\u0144 za &#8222;Fotografa&#8221; i Krzysztofowi Krzy\u017canowskiemu z OTV Krak\u00f3w za reporta\u017c &#8222;I mo\u015b\u0107 i jegomo\u015b\u0107&#8221;<\/p>\n<p>w kategorii 6 &#8211; autor najlepszego programu autorskiego: 3 r\u00f3wnorz\u0119dne drugie nagrody zdobyli Tomasz Chaci\u0144ski i Krzysztof Soska z OTV Szczecin &#8211; autorzy programu &#8222;Powi\u0119kszenie&#8221; Jadwiga Wile\u0144ska z OTV \u0141\u00f3d\u017a &#8211; autorka programu &#8222;\u0141\u00f3d\u017a miasto czterech kultur&#8221; Magdalena Pawlinow i Marek Obszarny z OTV Wroc\u0142aw &#8211; autorzy programu &#8222;M2 on i ona&#8221;<\/p>\n<p>oraz wyr\u00f3\u017cnienia: Lidia Piechota z OTV Opole za program &#8222;Rozkminka&#8221;, Jacek Grudzie\u0144 z OTV \u0141\u00f3d\u017a za program &#8222;\u0141\u00f3dzcy Europejczycy&#8221;, Bo\u017cena Klimus i Jan Zub z OTV Katowice za program &#8222;Tr\u00f3jwymiar&#8221;, Agnieszka Wola\u0144ska z OTV Szczecin za program &#8222;Okiem Temidy&#8221;, Agnieszka Borowska z OTV Warszawa za program &#8222;Po Twojej stronie&#8221;<\/p>\n<p>Nagrod\u0119 za najlepsz\u0105 informacyjn\u0105 stron\u0119 internetow\u0105 oddzia\u0142u terenowego jury w sk\u0142adzie: Andrzej Siwek (Akademia Telewizyjna) &#8211; przewodnicz\u0105cy, Bartosz Wojciechowski (O\u015brodek Nowe Media), Artur Michniewicz (TVP 3 Regionalna), Jolanta \u0141opuszy\u0144ska &#8211; redaktor, Ignacy Rutkiewicz &#8211; redaktor, przyzna\u0142o serwisom informacyjnym przygotowywanym przez : OTV Bia\u0142ystok i OTV Krak\u00f3w.<\/p>\n","protected":false},"excerpt":{"rendered":"W pi\u0105tek 9 grudnia, poznali\u015bmy laureat\u00f3w jedenastego Przegl\u0105du i Konkursu Tw\u00f3rczo\u015bci Dziennikarskiej Oddzia\u0142\u00f3w Terenowych Telewizji Polskiej. A\u017c cztery nagrody zdobyli dziennikarze z Oddzia\u0142u TVP we Wroc\u0142awiu. Tak\u017ce nagrod\u0119 specjaln\u0105 otrzyma\u0142 wroc\u0142awski oddzia\u0142.","protected":false},"author":1,"featured_media":83783,"comment_status":"open","ping_status":"closed","sticky":false,"template":"","format":"standard","meta":{"csco_display_header_overlay":false,"csco_singular_sidebar":"","csco_page_header_type":"","csco_page_load_nextpost":"","csco_post_video_location":[],"csco_post_video_location_hash":"","csco_post_video_url":"","csco_post_video_bg_start_time":0,"csco_post_video_bg_end_time":0,"footnotes":""},"categories":[9670],"tags":[],"class_list":{"0":"post-83782","1":"post","2":"type-post","3":"status-publish","4":"format-standard","5":"has-post-thumbnail","7":"category-tv","8":"cs-entry","9":"cs-video-wrap"},"_links":{"self":[{"href":"https:\/\/mediarun.com\/pl\/wp-json\/wp\/v2\/posts\/83782","targetHints":{"allow":["GET"]}}],"collection":[{"href":"https:\/\/mediarun.com\/pl\/wp-json\/wp\/v2\/posts"}],"about":[{"href":"https:\/\/mediarun.com\/pl\/wp-json\/wp\/v2\/types\/post"}],"author":[{"embeddable":true,"href":"https:\/\/mediarun.com\/pl\/wp-json\/wp\/v2\/users\/1"}],"replies":[{"embeddable":true,"href":"https:\/\/mediarun.com\/pl\/wp-json\/wp\/v2\/comments?post=83782"}],"version-history":[{"count":0,"href":"https:\/\/mediarun.com\/pl\/wp-json\/wp\/v2\/posts\/83782\/revisions"}],"wp:featuredmedia":[{"embeddable":true,"href":"https:\/\/mediarun.com\/pl\/wp-json\/wp\/v2\/media\/83783"}],"wp:attachment":[{"href":"https:\/\/mediarun.com\/pl\/wp-json\/wp\/v2\/media?parent=83782"}],"wp:term":[{"taxonomy":"category","embeddable":true,"href":"https:\/\/mediarun.com\/pl\/wp-json\/wp\/v2\/categories?post=83782"},{"taxonomy":"post_tag","embeddable":true,"href":"https:\/\/mediarun.com\/pl\/wp-json\/wp\/v2\/tags?post=83782"}],"curies":[{"name":"wp","href":"https:\/\/api.w.org\/{rel}","templated":true}]}}