{"id":83739,"date":"2005-12-13T12:09:21","date_gmt":"2005-12-13T11:09:21","guid":{"rendered":"https:\/\/mediarun.com\/index.php\/news-posts\/pw-rzeczpospolita-sa-zmiana-prezesa\/"},"modified":"2005-12-13T12:09:21","modified_gmt":"2005-12-13T11:09:21","slug":"pw-rzeczpospolita-sa-zmiana-prezesa","status":"publish","type":"post","link":"https:\/\/mediarun.com\/pl\/media\/prasa\/pw-rzeczpospolita-sa-zmiana-prezesa.html","title":{"rendered":"PW Rzeczpospolita SA &#8211; zmiana prezesa"},"content":{"rendered":"<p>&#8211; Jak wyja\u015bni\u0142o biuro prasowe Ministerstwa Skarbu, prezesa Bagi\u0144skiego odwo\u0142ano, gdy\u017c &#8222;nisko oceniono jako\u015b\u0107 zarz\u0105dzania sp\u00f3\u0142k\u0105&#8221;. Sp\u00f3\u0142ka PW Rzeczpospolita, utworzona w lutym 2005 w wyniku komercjalizacji przedsi\u0119biorstwa pa\u0144stwowego PPW Rzeczpospolita, jest w\u0142a\u015bcicielem 49 proc. udzia\u0142\u00f3w w Presspublice, wydawcy &#8222;Rz&#8221;. &#8211; donosi dziennik<\/p>\n","protected":false},"excerpt":{"rendered":"Minister skarbu odwo\u0142a\u0142 prezesa Przedsi\u0119biorstwa Wydawniczego Rzeczpospolita SA Stanis\u0142awa Bagi\u0144skiego. Andrzej Filipowicz, dotychczasowy wiceprezes sp\u00f3\u0142ki, zosta\u0142 nowym szefem jednoosobowego zarz\u0105du. &#8211; informuje &#8222;Rzeczpospolita&#8221;","protected":false},"author":1,"featured_media":0,"comment_status":"open","ping_status":"closed","sticky":false,"template":"","format":"standard","meta":{"csco_display_header_overlay":false,"csco_singular_sidebar":"","csco_page_header_type":"","csco_page_load_nextpost":"","csco_post_video_location":[],"csco_post_video_location_hash":"","csco_post_video_url":"","csco_post_video_bg_start_time":0,"csco_post_video_bg_end_time":0,"footnotes":""},"categories":[9673],"tags":[],"class_list":{"0":"post-83739","1":"post","2":"type-post","3":"status-publish","4":"format-standard","6":"category-prasa","7":"cs-entry","8":"cs-video-wrap"},"_links":{"self":[{"href":"https:\/\/mediarun.com\/pl\/wp-json\/wp\/v2\/posts\/83739","targetHints":{"allow":["GET"]}}],"collection":[{"href":"https:\/\/mediarun.com\/pl\/wp-json\/wp\/v2\/posts"}],"about":[{"href":"https:\/\/mediarun.com\/pl\/wp-json\/wp\/v2\/types\/post"}],"author":[{"embeddable":true,"href":"https:\/\/mediarun.com\/pl\/wp-json\/wp\/v2\/users\/1"}],"replies":[{"embeddable":true,"href":"https:\/\/mediarun.com\/pl\/wp-json\/wp\/v2\/comments?post=83739"}],"version-history":[{"count":0,"href":"https:\/\/mediarun.com\/pl\/wp-json\/wp\/v2\/posts\/83739\/revisions"}],"wp:attachment":[{"href":"https:\/\/mediarun.com\/pl\/wp-json\/wp\/v2\/media?parent=83739"}],"wp:term":[{"taxonomy":"category","embeddable":true,"href":"https:\/\/mediarun.com\/pl\/wp-json\/wp\/v2\/categories?post=83739"},{"taxonomy":"post_tag","embeddable":true,"href":"https:\/\/mediarun.com\/pl\/wp-json\/wp\/v2\/tags?post=83739"}],"curies":[{"name":"wp","href":"https:\/\/api.w.org\/{rel}","templated":true}]}}