{"id":83738,"date":"2005-12-13T12:22:04","date_gmt":"2005-12-13T11:22:04","guid":{"rendered":"https:\/\/mediarun.com\/index.php\/news-posts\/dagbladet-chce-kupic-orkle-media\/"},"modified":"2005-12-13T12:22:04","modified_gmt":"2005-12-13T11:22:04","slug":"dagbladet-chce-kupic-orkle-media","status":"publish","type":"post","link":"https:\/\/mediarun.com\/pl\/media\/prasa\/dagbladet-chce-kupic-orkle-media.html","title":{"rendered":"Dagbladet chce kupi\u0107 Orkl\u0119 Media"},"content":{"rendered":"<p>&#8211; Wed\u0142ug niego &#8222;Dagbladet&#8221;, kontrolowany przez Jensa Heyerdahla, by\u0142ego prezesa Orkli, intensywnie poszukuje \u015brodk\u00f3w na przej\u0119cie grupy Orkla Media, do kt\u00f3rej nale\u017cy te\u017c Presspublica, wydawca &#8222;Rzeczpospolitej&#8221;. Warto\u015b\u0107 transakcji wycenia si\u0119 na 8 &#8211; 9 mld koron norweskich, czyli 1,1 &#8211; 1,2 mld euro. &#8222;Dagbladet&#8221; mia\u0142by sfinansowa\u0107 j\u0105 z kredyt\u00f3w i sprzeda\u017cy swego portfela nieruchomo\u015bci. W po\u0142owie listopada Orkla Media poinformowa\u0142a, \u017ce szuka partnera z bran\u017cy. Wed\u0142ug du\u0144skiej prasy przy sprzeda\u017cy cz\u0119\u015bci albo ca\u0142o\u015bci Orkli Media doradza Deutsche Bank. &#8211; pisze dziennik<\/p>\n","protected":false},"excerpt":{"rendered":"Jeden z najstarszych i najwi\u0119kszych dziennik\u00f3w w Norwegii &#8222;Dagbladet&#8221; jest zainteresowany kupnem Orkli Media, medialnej cz\u0119\u015bci koncernu Orkla &#8211; poinformowa\u0142 norweski dziennik biznesowy &#8222;Dagens Naeringsliv&#8221;. &#8211; informuje &#8222;Rzeczpospolita&#8221;","protected":false},"author":1,"featured_media":0,"comment_status":"open","ping_status":"closed","sticky":false,"template":"","format":"standard","meta":{"csco_display_header_overlay":false,"csco_singular_sidebar":"","csco_page_header_type":"","csco_page_load_nextpost":"","csco_post_video_location":[],"csco_post_video_location_hash":"","csco_post_video_url":"","csco_post_video_bg_start_time":0,"csco_post_video_bg_end_time":0,"footnotes":""},"categories":[9673],"tags":[],"class_list":{"0":"post-83738","1":"post","2":"type-post","3":"status-publish","4":"format-standard","6":"category-prasa","7":"cs-entry","8":"cs-video-wrap"},"_links":{"self":[{"href":"https:\/\/mediarun.com\/pl\/wp-json\/wp\/v2\/posts\/83738","targetHints":{"allow":["GET"]}}],"collection":[{"href":"https:\/\/mediarun.com\/pl\/wp-json\/wp\/v2\/posts"}],"about":[{"href":"https:\/\/mediarun.com\/pl\/wp-json\/wp\/v2\/types\/post"}],"author":[{"embeddable":true,"href":"https:\/\/mediarun.com\/pl\/wp-json\/wp\/v2\/users\/1"}],"replies":[{"embeddable":true,"href":"https:\/\/mediarun.com\/pl\/wp-json\/wp\/v2\/comments?post=83738"}],"version-history":[{"count":0,"href":"https:\/\/mediarun.com\/pl\/wp-json\/wp\/v2\/posts\/83738\/revisions"}],"wp:attachment":[{"href":"https:\/\/mediarun.com\/pl\/wp-json\/wp\/v2\/media?parent=83738"}],"wp:term":[{"taxonomy":"category","embeddable":true,"href":"https:\/\/mediarun.com\/pl\/wp-json\/wp\/v2\/categories?post=83738"},{"taxonomy":"post_tag","embeddable":true,"href":"https:\/\/mediarun.com\/pl\/wp-json\/wp\/v2\/tags?post=83738"}],"curies":[{"name":"wp","href":"https:\/\/api.w.org\/{rel}","templated":true}]}}