{"id":83734,"date":"2005-12-13T12:31:27","date_gmt":"2005-12-13T11:31:27","guid":{"rendered":"https:\/\/mediarun.com\/index.php\/news-posts\/dyplom-uznania-dla-prezesa\/"},"modified":"2005-12-13T12:31:27","modified_gmt":"2005-12-13T11:31:27","slug":"dyplom-uznania-dla-prezesa","status":"publish","type":"post","link":"https:\/\/mediarun.com\/pl\/media\/tv\/dyplom-uznania-dla-prezesa.html","title":{"rendered":"Dyplom uznania dla prezesa"},"content":{"rendered":"<p> W czasie uroczysto\u015bci podzi\u0119kowano wszystkim, kt\u00f3rzy wsparli uroczyste obchody, honoruj\u0105c ich dyplomem uznania i okoliczno\u015bciow\u0105 klip\u0105. Dyplom dla Jana Dworaka, Prezesa Zarz\u0105du TVP i Cz\u0142onka Honorowego Komitetu Obchod\u00f3w &#8222;za wspieranie dzia\u0142a\u0144 Muzeum Narodowego w Kielcach oraz prowadzone z pasj\u0105 upowszechnianie przedsi\u0119wzi\u0119\u0107 sienkiewiczowskich&#8221;, w imieniu Telewizji Polskiej odebra\u0142a, z r\u0105k Andrzeja Urba\u0144skiego, Dyrektora Muzeum Narodowego w Kielcach oraz Lidii Putowskiej, Kierownika Muzeum Henryka Sienkiewicza w Obl\u0119gorku, Miros\u0142awa Kubas-Paradowska, Zast\u0119pca Dyrektora Biura Zarz\u0105du TVP.<\/p>\n<p>Uroczysto\u015b\u0107 odby\u0142a si\u0119 w setn\u0105 rocznic\u0119 mi\u0119dzynarodowego tryumfu Pisarza, kt\u00f3ry On sam (skromnie pomniejszaj\u0105c w\u0142asne zas\u0142ugi) traktowa\u0142 przede wszystkim jako wielkie zwyci\u0119stwo literatury polskiej i dow\u00f3d nie\u015bmiertelno\u015bci Polski. <\/p>\n","protected":false},"excerpt":{"rendered":"11 grudnia w siedzibie Muzeum Narodowego w Kielcach odby\u0142o si\u0119 uroczyste podsumowanie obchod\u00f3w setnej rocznicy uhonorowania literack\u0105 Nagrod\u0105 Nobla Henryka Sienkiewicza, wielkiego pisarza i patrioty, zas\u0142u\u017conego obywatelskimi dokonaniami dla Ojczyzny i Narodu.","protected":false},"author":1,"featured_media":83735,"comment_status":"open","ping_status":"closed","sticky":false,"template":"","format":"standard","meta":{"csco_display_header_overlay":false,"csco_singular_sidebar":"","csco_page_header_type":"","csco_page_load_nextpost":"","csco_post_video_location":[],"csco_post_video_location_hash":"","csco_post_video_url":"","csco_post_video_bg_start_time":0,"csco_post_video_bg_end_time":0,"footnotes":""},"categories":[9670],"tags":[],"class_list":{"0":"post-83734","1":"post","2":"type-post","3":"status-publish","4":"format-standard","5":"has-post-thumbnail","7":"category-tv","8":"cs-entry","9":"cs-video-wrap"},"_links":{"self":[{"href":"https:\/\/mediarun.com\/pl\/wp-json\/wp\/v2\/posts\/83734","targetHints":{"allow":["GET"]}}],"collection":[{"href":"https:\/\/mediarun.com\/pl\/wp-json\/wp\/v2\/posts"}],"about":[{"href":"https:\/\/mediarun.com\/pl\/wp-json\/wp\/v2\/types\/post"}],"author":[{"embeddable":true,"href":"https:\/\/mediarun.com\/pl\/wp-json\/wp\/v2\/users\/1"}],"replies":[{"embeddable":true,"href":"https:\/\/mediarun.com\/pl\/wp-json\/wp\/v2\/comments?post=83734"}],"version-history":[{"count":0,"href":"https:\/\/mediarun.com\/pl\/wp-json\/wp\/v2\/posts\/83734\/revisions"}],"wp:featuredmedia":[{"embeddable":true,"href":"https:\/\/mediarun.com\/pl\/wp-json\/wp\/v2\/media\/83735"}],"wp:attachment":[{"href":"https:\/\/mediarun.com\/pl\/wp-json\/wp\/v2\/media?parent=83734"}],"wp:term":[{"taxonomy":"category","embeddable":true,"href":"https:\/\/mediarun.com\/pl\/wp-json\/wp\/v2\/categories?post=83734"},{"taxonomy":"post_tag","embeddable":true,"href":"https:\/\/mediarun.com\/pl\/wp-json\/wp\/v2\/tags?post=83734"}],"curies":[{"name":"wp","href":"https:\/\/api.w.org\/{rel}","templated":true}]}}