{"id":83732,"date":"2005-12-13T12:33:18","date_gmt":"2005-12-13T11:33:18","guid":{"rendered":"https:\/\/mediarun.com\/index.php\/news-posts\/ebu-z-wizyta-w-telewizji-polskiej\/"},"modified":"2005-12-13T12:33:18","modified_gmt":"2005-12-13T11:33:18","slug":"ebu-z-wizyta-w-telewizji-polskiej","status":"publish","type":"post","link":"https:\/\/mediarun.com\/pl\/media\/tv\/ebu-z-wizyta-w-telewizji-polskiej.html","title":{"rendered":"EBU z wizyt\u0105 w Telewizji Polskiej"},"content":{"rendered":"<p> Europejska Unia Nadawc\u00f3w z siedzib\u0105 w Genewie jest najwi\u0119kszym i najbardziej znacz\u0105cym stowarzyszeniem nadawc\u00f3w telewizyjnych i radiowych na \u015bwiecie. Aktualnie zrzesza 74 cz\u0142onk\u00f3w z 54 kraj\u00f3w.<\/p>\n<p>Rozmowy w Polsce po\u015bwi\u0119cone b\u0119d\u0105 wsp\u00f3\u0142pracy Telewizji Polskiej z krajami nale\u017c\u0105cymi do EBU w ramach mi\u0119dzynarodowych porozumie\u0144 i planom TVP zwi\u0105zanym z wdra\u017caniem nowych technologii. W trakcie dwudniowego pobytu w Warszawie go\u015bcie zwiedz\u0105 min. studia telewizyjne przy Woronicza. Organizatorem wizyty jest Biuro Wsp\u00f3\u0142pracy Mi\u0119dzynarodowej i Handlu. <\/p>\n","protected":false},"excerpt":{"rendered":"W dniach 12 -13 grudnia br. na zaproszenie cz\u0142onk\u00f3w Zarz\u0105du TVP S.A. oficjaln\u0105 wizyt\u0119 w Telewizji Polskiej z\u0142o\u017c\u0105 przedstawiciele Europejskiej Unii Nadawc\u00f3w (EBU) &#8211; Jean Reveillon, sekretarz unii oraz jej rzecznik David Lewis.","protected":false},"author":1,"featured_media":83733,"comment_status":"open","ping_status":"closed","sticky":false,"template":"","format":"standard","meta":{"csco_display_header_overlay":false,"csco_singular_sidebar":"","csco_page_header_type":"","csco_page_load_nextpost":"","csco_post_video_location":[],"csco_post_video_location_hash":"","csco_post_video_url":"","csco_post_video_bg_start_time":0,"csco_post_video_bg_end_time":0,"footnotes":""},"categories":[9670],"tags":[],"class_list":{"0":"post-83732","1":"post","2":"type-post","3":"status-publish","4":"format-standard","5":"has-post-thumbnail","7":"category-tv","8":"cs-entry","9":"cs-video-wrap"},"_links":{"self":[{"href":"https:\/\/mediarun.com\/pl\/wp-json\/wp\/v2\/posts\/83732","targetHints":{"allow":["GET"]}}],"collection":[{"href":"https:\/\/mediarun.com\/pl\/wp-json\/wp\/v2\/posts"}],"about":[{"href":"https:\/\/mediarun.com\/pl\/wp-json\/wp\/v2\/types\/post"}],"author":[{"embeddable":true,"href":"https:\/\/mediarun.com\/pl\/wp-json\/wp\/v2\/users\/1"}],"replies":[{"embeddable":true,"href":"https:\/\/mediarun.com\/pl\/wp-json\/wp\/v2\/comments?post=83732"}],"version-history":[{"count":0,"href":"https:\/\/mediarun.com\/pl\/wp-json\/wp\/v2\/posts\/83732\/revisions"}],"wp:featuredmedia":[{"embeddable":true,"href":"https:\/\/mediarun.com\/pl\/wp-json\/wp\/v2\/media\/83733"}],"wp:attachment":[{"href":"https:\/\/mediarun.com\/pl\/wp-json\/wp\/v2\/media?parent=83732"}],"wp:term":[{"taxonomy":"category","embeddable":true,"href":"https:\/\/mediarun.com\/pl\/wp-json\/wp\/v2\/categories?post=83732"},{"taxonomy":"post_tag","embeddable":true,"href":"https:\/\/mediarun.com\/pl\/wp-json\/wp\/v2\/tags?post=83732"}],"curies":[{"name":"wp","href":"https:\/\/api.w.org\/{rel}","templated":true}]}}