{"id":83731,"date":"2005-12-13T12:38:30","date_gmt":"2005-12-13T11:38:30","guid":{"rendered":"https:\/\/mediarun.com\/index.php\/news-posts\/ruszyly-zdjecia-do-ii-serii-magdy-m\/"},"modified":"2005-12-13T12:38:30","modified_gmt":"2005-12-13T11:38:30","slug":"ruszyly-zdjecia-do-ii-serii-magdy-m","status":"publish","type":"post","link":"https:\/\/mediarun.com\/pl\/media\/tv\/ruszyly-zdjecia-do-ii-serii-magdy-m.html","title":{"rendered":"Ruszy\u0142y zdj\u0119cia do II serii Magdy M."},"content":{"rendered":"<p>Jak donosi &#8222;Metro&#8221;, spo\u015br\u00f3d innych podobnych produkcji rodzimych &#8222;Magd\u0119 M.&#8221; wyr\u00f3\u017cnia bowiem estetyka postaci i scenerii. Magda M. grana przez Joann\u0119 Brodzik &#8211; pi\u0119kna, konkurent do jej serca Piotr Korzecki, czyli Pawe\u0142 Ma\u0142aszy\u0144ski &#8211; przystojny i uroczy. Nawet Warszawa, miasto, w kt\u00f3rym toczy si\u0119 akcja, wygl\u0105da w tym serialu prawie tak przytulnie jak czeska Praga.<\/p>\n<p>&#8211; Obserwuj\u0105c prac\u0119 ekipy na planie nie trudno te\u017c zrozumie\u0107, sk\u0105d taka doskona\u0142o\u015b\u0107 wizualna serialu. Co kilka minut, w przerwach mi\u0119dzy kadrami, charakteryzatorki podbiegaj\u0105 do aktor\u00f3w pudruj\u0105c im noski, zmatawiaj\u0105c czo\u0142a, dok\u0142adaj\u0105c b\u0142yszczyk na usta. Re\u017cyser Marcin Dejczer niezwykle dba o ka\u017cdy szczeg\u00f3\u0142. Jedno uj\u0119cie &#8211; np. gdy Magda i jej kole\u017canki Karolina (Katarzyna Herman) i Agata (Daria Widawska) spotykaj\u0105 si\u0119 na lodowisku &#8211; kr\u0119ci ponad p\u00f3\u0142 godziny. A nakr\u0119ci\u0107 perfekcyjnie scen\u0119 na lodowisku nie jest \u0142atwo, bowiem \u017cadna z aktorek nie jest mistrzyni\u0105 jazdy figurowej na lodzie. Cho\u0107 radz\u0105 sobie nie\u017ale, zdarzaj\u0105 si\u0119 potkni\u0119cia i upadki. Niestety widzowie, kt\u00f3rym do tej pory najbardziej przeszkadza\u0142 w serialu brak dynamiki, nie zostan\u0105 mile zaskoczeni. Jak zapowiada Joanna Brodzik na pocz\u0105tku szykuje si\u0119 pe\u0142na sielanka. &#8211; informuje &#8222;Metro&#8221;<\/p>\n","protected":false},"excerpt":{"rendered":"Ruszy\u0142y zdj\u0119cia do drugiej serii &#8222;Magdy M.&#8221;, w kt\u00f3rej szykuje si\u0119 sielanka. Na lodowisku w warszawskim Centrum Handlowym &#8222;Promenada&#8221;, kr\u0119cono wczoraj zdj\u0119cia trzeciego odcinka drugiej serii &#8222;Magdy M.&#8221;. Cho\u0107 na pierwszej serii krytyka nie zostawi\u0142a suchej nitki, zarzucaj\u0105c serialowi sztuczno\u015b\u0107 bohater\u00f3w, nudny scenariusz, brak akcji i nadmiern\u0105 teatralno\u015b\u0107 w grze aktor\u00f3w, telewidzom serial przypad\u0142 do gustu. &#8211; pisze &#8222;Metro&#8221;","protected":false},"author":1,"featured_media":0,"comment_status":"open","ping_status":"closed","sticky":false,"template":"","format":"standard","meta":{"csco_display_header_overlay":false,"csco_singular_sidebar":"","csco_page_header_type":"","csco_page_load_nextpost":"","csco_post_video_location":[],"csco_post_video_location_hash":"","csco_post_video_url":"","csco_post_video_bg_start_time":0,"csco_post_video_bg_end_time":0,"footnotes":""},"categories":[9670],"tags":[],"class_list":{"0":"post-83731","1":"post","2":"type-post","3":"status-publish","4":"format-standard","6":"category-tv","7":"cs-entry","8":"cs-video-wrap"},"_links":{"self":[{"href":"https:\/\/mediarun.com\/pl\/wp-json\/wp\/v2\/posts\/83731","targetHints":{"allow":["GET"]}}],"collection":[{"href":"https:\/\/mediarun.com\/pl\/wp-json\/wp\/v2\/posts"}],"about":[{"href":"https:\/\/mediarun.com\/pl\/wp-json\/wp\/v2\/types\/post"}],"author":[{"embeddable":true,"href":"https:\/\/mediarun.com\/pl\/wp-json\/wp\/v2\/users\/1"}],"replies":[{"embeddable":true,"href":"https:\/\/mediarun.com\/pl\/wp-json\/wp\/v2\/comments?post=83731"}],"version-history":[{"count":0,"href":"https:\/\/mediarun.com\/pl\/wp-json\/wp\/v2\/posts\/83731\/revisions"}],"wp:attachment":[{"href":"https:\/\/mediarun.com\/pl\/wp-json\/wp\/v2\/media?parent=83731"}],"wp:term":[{"taxonomy":"category","embeddable":true,"href":"https:\/\/mediarun.com\/pl\/wp-json\/wp\/v2\/categories?post=83731"},{"taxonomy":"post_tag","embeddable":true,"href":"https:\/\/mediarun.com\/pl\/wp-json\/wp\/v2\/tags?post=83731"}],"curies":[{"name":"wp","href":"https:\/\/api.w.org\/{rel}","templated":true}]}}