{"id":83719,"date":"2005-12-13T13:12:58","date_gmt":"2005-12-13T12:12:58","guid":{"rendered":"https:\/\/mediarun.com\/index.php\/news-posts\/kolejny-minister-u-o-rydzyka\/"},"modified":"2005-12-13T13:12:58","modified_gmt":"2005-12-13T12:12:58","slug":"kolejny-minister-u-o-rydzyka","status":"publish","type":"post","link":"https:\/\/mediarun.com\/pl\/media\/radio\/kolejny-minister-u-o-rydzyka.html","title":{"rendered":"Kolejny minister u o. Rydzyka"},"content":{"rendered":"<p>&#8211; Przed Micha\u0142kiewiczem w naszym mie\u015bcie byli ju\u017c: premier Kazimierz Marcinkiewicz, wicepremier Ludwik Dorn, szefowie resort\u00f3w sprawiedliwo\u015bci, gospodarki, transportu i budownictwa oraz koordynator ds. s\u0142u\u017cb specjalnych Zbigniew Wassermann. Wszyscy kieruj\u0105 si\u0119 prosto do siedziby redakcji Telewizji Trwam i Radia Maryja, szerokim \u0142ukiem omijaj\u0105c magistrat, czy Urz\u0105d Marsza\u0142kowski. &#8211; donosi &#8222;Gazeta Wyborcza&#8221;<\/p>\n<p>&#8211; Micha\u0142kiewicz wzi\u0105\u0142 udzia\u0142 w sobotniej audycji rozg\u0142o\u015bni o. Rydzyka. Prowadzi\u0142 j\u0105 o. Jan Kr\u00f3l, najbli\u017cszy wsp\u00f3\u0142pracownik dyrektora stacji. Czego dowiedzieli si\u0119 s\u0142uchacze? Szef resortu pracy zapowiedzia\u0142, \u017ce ministerstwo planuje wprowadzenie ubezpieczenia od bezrobocia. Wskaza\u0142 te\u017c, \u017ce w przysz\u0142ym roku wzrosn\u0105 emerytury i renty. Liczymy, \u017ce \u015brednio b\u0119dzie to 60 z\u0142 stwierdzi\u0142 Micha\u0142kiewicz. Przy tak niskich stawkach jest to kwota zauwa\u017calna. Po tej zapowiedzi do rozg\u0142o\u015bni zacz\u0119li dzwoni\u0107 s\u0142uchacze, skar\u017c\u0105cy si\u0119 na niskie \u015bwiadczenia. Odpowiedzia\u0142 im o. Kr\u00f3l: Powiem dla tych, kt\u00f3rym jest ci\u0119\u017cko, \u017ce itak mamy szcz\u0119\u015bcie, bo gdyby wygra\u0142a Platforma Obywatelska, to podstawowe produkty \u0142\u0105cznie z lekami by\u0142yby, niestety, dro\u017csze pocieszy\u0142. &#8211; czytamy w lokalnej &#8222;Gazecie Wyborczej&#8221;<\/p>\n","protected":false},"excerpt":{"rendered":"&#8211; Minister pracy i polityki spo\u0142ecznej KrzysztefMicha\u0142kiewicz by\u0142 si\u00f3dmym cz\u0142onkiem gabinetu, ka\u0142 ry przyjecha\u0142 do stacji ojca kydzyka Odk\u0105d dzia\u0142a mniejszo\u015bciowy rz\u0105d PiS, ciemne limuzyny z ministrami regularnie pojawiaj\u0105 si\u0119 w Toruniu. &#8211; informuje toru\u0144ska &#8222;GW&#8221;","protected":false},"author":1,"featured_media":0,"comment_status":"open","ping_status":"closed","sticky":false,"template":"","format":"standard","meta":{"csco_display_header_overlay":false,"csco_singular_sidebar":"","csco_page_header_type":"","csco_page_load_nextpost":"","csco_post_video_location":[],"csco_post_video_location_hash":"","csco_post_video_url":"","csco_post_video_bg_start_time":0,"csco_post_video_bg_end_time":0,"footnotes":""},"categories":[9672],"tags":[],"class_list":{"0":"post-83719","1":"post","2":"type-post","3":"status-publish","4":"format-standard","6":"category-radio","7":"cs-entry","8":"cs-video-wrap"},"_links":{"self":[{"href":"https:\/\/mediarun.com\/pl\/wp-json\/wp\/v2\/posts\/83719","targetHints":{"allow":["GET"]}}],"collection":[{"href":"https:\/\/mediarun.com\/pl\/wp-json\/wp\/v2\/posts"}],"about":[{"href":"https:\/\/mediarun.com\/pl\/wp-json\/wp\/v2\/types\/post"}],"author":[{"embeddable":true,"href":"https:\/\/mediarun.com\/pl\/wp-json\/wp\/v2\/users\/1"}],"replies":[{"embeddable":true,"href":"https:\/\/mediarun.com\/pl\/wp-json\/wp\/v2\/comments?post=83719"}],"version-history":[{"count":0,"href":"https:\/\/mediarun.com\/pl\/wp-json\/wp\/v2\/posts\/83719\/revisions"}],"wp:attachment":[{"href":"https:\/\/mediarun.com\/pl\/wp-json\/wp\/v2\/media?parent=83719"}],"wp:term":[{"taxonomy":"category","embeddable":true,"href":"https:\/\/mediarun.com\/pl\/wp-json\/wp\/v2\/categories?post=83719"},{"taxonomy":"post_tag","embeddable":true,"href":"https:\/\/mediarun.com\/pl\/wp-json\/wp\/v2\/tags?post=83719"}],"curies":[{"name":"wp","href":"https:\/\/api.w.org\/{rel}","templated":true}]}}