{"id":83714,"date":"2005-12-13T13:49:19","date_gmt":"2005-12-13T12:49:19","guid":{"rendered":"https:\/\/mediarun.com\/index.php\/news-posts\/audycja-iar-zamiast-reflektora-bbc\/"},"modified":"2005-12-13T13:49:19","modified_gmt":"2005-12-13T12:49:19","slug":"audycja-iar-zamiast-reflektora-bbc","status":"publish","type":"post","link":"https:\/\/mediarun.com\/pl\/media\/radio\/audycja-iar-zamiast-reflektora-bbc.html","title":{"rendered":"Audycja IAR zamiast &#8222;Reflektora BBC&#8221;?"},"content":{"rendered":"<p>O tym, \u017ce tak\u0105 audycj\u0119 przygotowywa\u0107 b\u0119dzie IAR poinformowa\u0142 kilka dni temu miesi\u0119cznik &#8222;Press&#8221; w wydaniu internetowym. Program, podobnie jak &#8222;Reflektor BBC&#8221;, mia\u0142by podsumowywa\u0107 dzie\u0144. Tak jak magazyn Sekcji Polskiej BBC, tak i nowa audycja emitowana by\u0142aby o godzinie 22 od poniedzia\u0142ku do pi\u0105tku.<\/p>\n<p>O planach takiej audycji m\u00f3wi\u0142 nam ju\u017c W\u0142adys\u0142aw Bogdanowski, prezes i redaktor naczelny Radia Olsztyn, w zesz\u0142ym miesi\u0105cu. &#8211; Ale to jeszcze nic pewnego &#8211; zaznacza\u0142 wtedy. <\/p>\n<p>Radio Olsztyn podj\u0119\u0142o ju\u017c decyzj\u0119, co do nowej audycji IAR. &#8211; Zamierzamy j\u0105 nadawa\u0107 &#8211; m\u00f3wi nam W\u0142adys\u0142aw Bogdanowski.<\/p>\n<p>Decyzji nie podj\u0119\u0142o jeszcze Polskie Radio PiK. &#8211; Wst\u0119pnie jeste\u015bmy zainteresowani jak\u0105\u015b form\u0105 zbli\u017con\u0105 do &#8222;Reflektora BBC&#8221;, mo\u017ce w nieco innym wymiarze &#8211; wyja\u015bnia nam Zbigniew Ostrowski, cz\u0142onek zarz\u0105du rozg\u0142o\u015bni.<\/p>\n<p>&#8211; Rozwa\u017camy r\u00f3\u017cne wersje, w tym i tak\u0105, aby samodzielnie przygotowywa\u0107 program pod has\u0142em &#8222;Min\u0105\u0142 dzie\u0144&#8221; &#8211; t\u0142umaczy nam Zenon Suszycki, prezes zarz\u0105du Radia Koszalin.<\/p>\n<p>&#8211; Radio Wroc\u0142aw SA nie podj\u0119\u0142o jeszcze \u017cadnych decyzji w tej sprawie &#8211; m\u00f3wi nam Aneta Smolarska, kierownik sekretariatu programowego Radia Wroc\u0142aw.<\/p>\n<p>&#8211; Propozycja programu publicystycznego przygotowywanego przez IAR nie jest jedyn\u0105, kt\u00f3ra si\u0119 pojawi\u0142a &#8211; m\u00f3wi nam Ma\u0142gorzata Rybczy\u0144ska, szef dzia\u0142u informacji Radia Merkury. &#8211; W tej chwili w\u015br\u00f3d 17 rozg\u0142o\u015bni regionalnych Polskiego Radia trwaj\u0105 rozmowy m.in. na temat tej propozycji. Ostateczne decyzje jeszcze nie zapad\u0142y &#8211; dodaje.<\/p>\n<p>Program nie pojawi si\u0119 na antenie Radia Krak\u00f3w. Jak informowali\u015bmy w zesz\u0142ym tygodniu, rozg\u0142o\u015bnia po \u015bwi\u0119tach nadawa\u0107 b\u0119dzie mi\u0119dzy godzin\u0105 22, a 23 program &#8222;Ko\u0142o kultury&#8221; po\u015bwi\u0119cony sztuce.<\/p>\n","protected":false},"excerpt":{"rendered":"Informacyjna Agencja Radiowa by\u0107 mo\u017ce b\u0119dzie produkowa\u0107 audycj\u0119 publicystyczn\u0105 dla rozg\u0142o\u015bni regionalnych Polskiego Radia, kt\u00f3ra zast\u0105pi po \u015bwi\u0119tach Bo\u017cego Narodzenia program &#8222;Reflektor BBC&#8221;. Przygotowywany przez Sekcj\u0119 Polsk\u0105 BBC magazyn, w zwi\u0105zku z likwidacj\u0105 redakcji, po raz ostatni zostanie nadany 23 grudnia.","protected":false},"author":1,"featured_media":83715,"comment_status":"open","ping_status":"closed","sticky":false,"template":"","format":"standard","meta":{"csco_display_header_overlay":false,"csco_singular_sidebar":"","csco_page_header_type":"","csco_page_load_nextpost":"","csco_post_video_location":[],"csco_post_video_location_hash":"","csco_post_video_url":"","csco_post_video_bg_start_time":0,"csco_post_video_bg_end_time":0,"footnotes":""},"categories":[9672],"tags":[],"class_list":{"0":"post-83714","1":"post","2":"type-post","3":"status-publish","4":"format-standard","5":"has-post-thumbnail","7":"category-radio","8":"cs-entry","9":"cs-video-wrap"},"_links":{"self":[{"href":"https:\/\/mediarun.com\/pl\/wp-json\/wp\/v2\/posts\/83714","targetHints":{"allow":["GET"]}}],"collection":[{"href":"https:\/\/mediarun.com\/pl\/wp-json\/wp\/v2\/posts"}],"about":[{"href":"https:\/\/mediarun.com\/pl\/wp-json\/wp\/v2\/types\/post"}],"author":[{"embeddable":true,"href":"https:\/\/mediarun.com\/pl\/wp-json\/wp\/v2\/users\/1"}],"replies":[{"embeddable":true,"href":"https:\/\/mediarun.com\/pl\/wp-json\/wp\/v2\/comments?post=83714"}],"version-history":[{"count":0,"href":"https:\/\/mediarun.com\/pl\/wp-json\/wp\/v2\/posts\/83714\/revisions"}],"wp:featuredmedia":[{"embeddable":true,"href":"https:\/\/mediarun.com\/pl\/wp-json\/wp\/v2\/media\/83715"}],"wp:attachment":[{"href":"https:\/\/mediarun.com\/pl\/wp-json\/wp\/v2\/media?parent=83714"}],"wp:term":[{"taxonomy":"category","embeddable":true,"href":"https:\/\/mediarun.com\/pl\/wp-json\/wp\/v2\/categories?post=83714"},{"taxonomy":"post_tag","embeddable":true,"href":"https:\/\/mediarun.com\/pl\/wp-json\/wp\/v2\/tags?post=83714"}],"curies":[{"name":"wp","href":"https:\/\/api.w.org\/{rel}","templated":true}]}}