{"id":83708,"date":"2005-12-13T17:48:17","date_gmt":"2005-12-13T16:48:17","guid":{"rendered":"https:\/\/mediarun.com\/index.php\/news-posts\/miedzynarodowy-sopot-festival-2006\/"},"modified":"2005-12-13T17:48:17","modified_gmt":"2005-12-13T16:48:17","slug":"miedzynarodowy-sopot-festival-2006","status":"publish","type":"post","link":"https:\/\/mediarun.com\/pl\/media\/tv\/miedzynarodowy-sopot-festival-2006.html","title":{"rendered":"Mi\u0119dzynarodowy Sopot Festival 2006"},"content":{"rendered":"<p>Komercyjny sukces zesz\u0142orocznego, organizowanego przez kana\u0142 Sopot Festival 2005, nie znalaz\u0142 odzwierciedlenia w wynikach ogl\u0105dalno\u015bci oraz recenzjach widz\u00f3w i krytyk\u00f3w. Stacja chc\u0105c ustrzec si\u0119 pope\u0142nionych b\u0142\u0119d\u00f3w, rozpocz\u0119\u0142a przygotowania do kolejnej ods\u0142ony wydarzenia.<\/p>\n<p><?plik(3862,'center','Sopot Festival 2005- Opera Le\u015bna')?><\/p>\n<p>12 grudnia w Sopocie odby\u0142o si\u0119 posiedzenie Rady Programowo-Artystycznej Sopot Festiwal, podczas kt\u00f3rego zaakceptowano nowy format Sopot Festival 2006. Przywr\u00f3cony przez Telewizj\u0119 TVN Konkurs o nagrod\u0119 Bursztynowego S\u0142owika i S\u0142owika Publiczno\u015bci otrzyma nowy wymiar.<\/p>\n<p>W 2006 roku opr\u00f3cz wykonawc\u00f3w polskich wezm\u0105 w nim tak\u017ce udzia\u0142 wykonawcy zagraniczni. Nagroda Bursztynowego S\u0142owika zostanie przyznana przez jury, w kt\u00f3rego sk\u0142ad wejd\u0105 przedstawiciele r\u00f3\u017cnych pa\u0144stw. Podczas Festivalu wr\u0119czona zostanie r\u00f3wnie\u017c nagroda Z\u0142otego S\u0142owika dla uznanego wykonawcy polskiego oraz wykonawcy zagranicznego. Rozdanie nagr\u00f3d uwie\u0144cz\u0105 koncerty obydwu laureat\u00f3w. W ostatnim dniu Sopot Festival 2006 zobaczymy koncerty najwi\u0119kszych s\u0142aw, kt\u00f3re wyst\u0105pi\u0142y na deskach Opery Le\u015bnej.<\/p>\n<p>Rada Programowo-Artystyczna Sopot Festival funkcj\u0119 Dyrektora Biura Festiwalowego powierzy\u0142a Piotrowi Metzowi.<\/p>\n<p>Piotr Metz, jeden z najbardziej cenionych muzycznych ekspert\u00f3w w Polsce, by\u0142 m.in. dyrektorem muzycznym radia RMF FM, dyrektorem muzycznym radia ESKA, mened\u017cerem programowym MTV Polska, a obecnie jest redaktorem naczelnym magazynu &#8222;Machina&#8221;.<\/p>\n","protected":false},"excerpt":{"rendered":"TVN chce zwi\u0119kszy\u0107 presti\u017c sopockiego festiwalu. Przysz\u0142oroczna ods\u0142ona muzycznej imprezy nabierze mi\u0119dzynarodowego charakteru. W kolejnej edycji konkursu do rywalizacji o nagrod\u0119 Bursztynowego S\u0142owika i S\u0142owika Publiczno\u015bci obok polskich artyst\u00f3w stan\u0105 r\u00f3wnie\u017c wykonawcy zagraniczni.","protected":false},"author":1,"featured_media":83709,"comment_status":"open","ping_status":"closed","sticky":false,"template":"","format":"standard","meta":{"csco_display_header_overlay":false,"csco_singular_sidebar":"","csco_page_header_type":"","csco_page_load_nextpost":"","csco_post_video_location":[],"csco_post_video_location_hash":"","csco_post_video_url":"","csco_post_video_bg_start_time":0,"csco_post_video_bg_end_time":0,"footnotes":""},"categories":[9670],"tags":[],"class_list":{"0":"post-83708","1":"post","2":"type-post","3":"status-publish","4":"format-standard","5":"has-post-thumbnail","7":"category-tv","8":"cs-entry","9":"cs-video-wrap"},"_links":{"self":[{"href":"https:\/\/mediarun.com\/pl\/wp-json\/wp\/v2\/posts\/83708","targetHints":{"allow":["GET"]}}],"collection":[{"href":"https:\/\/mediarun.com\/pl\/wp-json\/wp\/v2\/posts"}],"about":[{"href":"https:\/\/mediarun.com\/pl\/wp-json\/wp\/v2\/types\/post"}],"author":[{"embeddable":true,"href":"https:\/\/mediarun.com\/pl\/wp-json\/wp\/v2\/users\/1"}],"replies":[{"embeddable":true,"href":"https:\/\/mediarun.com\/pl\/wp-json\/wp\/v2\/comments?post=83708"}],"version-history":[{"count":0,"href":"https:\/\/mediarun.com\/pl\/wp-json\/wp\/v2\/posts\/83708\/revisions"}],"wp:featuredmedia":[{"embeddable":true,"href":"https:\/\/mediarun.com\/pl\/wp-json\/wp\/v2\/media\/83709"}],"wp:attachment":[{"href":"https:\/\/mediarun.com\/pl\/wp-json\/wp\/v2\/media?parent=83708"}],"wp:term":[{"taxonomy":"category","embeddable":true,"href":"https:\/\/mediarun.com\/pl\/wp-json\/wp\/v2\/categories?post=83708"},{"taxonomy":"post_tag","embeddable":true,"href":"https:\/\/mediarun.com\/pl\/wp-json\/wp\/v2\/tags?post=83708"}],"curies":[{"name":"wp","href":"https:\/\/api.w.org\/{rel}","templated":true}]}}