{"id":83702,"date":"2005-12-14T00:18:05","date_gmt":"2005-12-13T23:18:05","guid":{"rendered":"https:\/\/mediarun.com\/index.php\/news-posts\/final-akademii-jetix\/"},"modified":"2005-12-14T00:18:05","modified_gmt":"2005-12-13T23:18:05","slug":"final-akademii-jetix","status":"publish","type":"post","link":"https:\/\/mediarun.com\/pl\/media\/tv\/final-akademii-jetix.html","title":{"rendered":"Fina\u0142 Akademii Jetix"},"content":{"rendered":"<p>Nadesz\u0142y setki wspania\u0142ych prac! 30-tu autor\u00f3w najlepszych komiks\u00f3w, zosta\u0142o nagrodzonych wyjazdem na Akademi\u0119 Jetix &#8211; Magiczna Przygoda, kt\u00f3ra tym razem odby\u0142a si\u0119 w Cyrklandzie &#8211; ma\u0142ym, cyrkowym miasteczku po\u0142o\u017conym w Mi\u0142kowie ko\u0142o Karpacza. Dzieci przyjecha\u0142y z ca\u0142ej Polski!<\/p>\n<p>Bohaterowie seriali A.T.O.M. i W.I.T.C.H. stanowili dla dzieci przyk\u0142ad wspania\u0142ego ducha pracy w zespole i przyja\u017ani.<\/p>\n<p>Laureaci Akademii Jetix zostali podzieleni na 4 zespo\u0142y. Nie chodzi\u0142o jednak o wsp\u00f3\u0142zawodnictwo &#8211; nie by\u0142o wygranych i przegranych. W ma\u0142ych zespo\u0142ach dzieci uczy\u0142y si\u0119 poszczeg\u00f3lnych umiej\u0119tno\u015bci, pomagaj\u0105c sobie nawzajem maj\u0105c za przyk\u0142ad dru\u017cyny W.I.T.C.H. i A.T.O.M.<\/p>\n<p>Program Akademii przeszed\u0142 wszelkie oczekiwania uczestnik\u00f3w! Pierwszego dnia dzieci zosta\u0142y powitane przez Vice-Prezydenta Jeleniej G\u00f3ry, Bogus\u0142awa Ga\u0142k\u0119 i Komendanta Stra\u017cy Miejskiej Jeleniej G\u00f3ry, Jerzego G\u00f3rniaka.  Po zwiedzeniu rynku miasta, uczestnicy Akademii Jetix wzi\u0119li udzia\u0142 w specjalnym pokazie tresury ps\u00f3w policyjnych. <\/p>\n<p>Kolejnym atrakcjom nie by\u0142o ko\u0144ca: wy\u015bcigi na rokardach, nauka skok\u00f3w na batucie, nauka sztuki chodzenia po linie, \u017conglerki, jazdy konno i jazdy na wielb\u0142\u0105dzie!<\/p>\n<p>&#8222;To w\u0142a\u015bnie jest magia!&#8221; &#8211; krzykn\u0119\u0142a 8-mio letnia Klaudia, kiedy zaczyna\u0142a si\u0119 uczy\u0107 jazdy na wielb\u0142\u0105dzie, do kt\u00f3rego na pocz\u0105tku ba\u0142a si\u0119 podej\u015b\u0107. <\/p>\n<p>Podczas wszystkich zaj\u0119\u0107, pod czujnym okiem mistrz\u00f3w sztuki cyrkowej, uczestnicy przygotowywali si\u0119 do wielkiego wyst\u0119pu, na kt\u00f3ry zaproszone zosta\u0142y tak\u017ce dzieci z Domu Dziecka &#8222;D\u0105br\u00f3wka&#8221; w Jeleniej G\u00f3rze.<\/p>\n<p>Ju\u017c 22 stycznia Jetix godzinie 9:15, 12:40 i 18:00 widzowie telewizji Jetix b\u0119d\u0105 mogli przenie\u015b\u0107 si\u0119 do magicznego \u015bwiata przygody i czar\u00f3w! Tego nie mo\u017cna przegapi\u0107!<\/p>\n<p>&#8222;To niew\u0105tpliwie najbardziej niezwyk\u0142a akcja dla dzieci w ostatnich latach, przede wszystkim dlatego, \u017ce mogli\u015bmy go\u015bci\u0107 w naszym mie\u015bcie dzieci z ca\u0142ej Polski&#8221; &#8211; powiedzia\u0142 Grzegorz Rybarczyk Rzecznik Prasowy Stra\u017cy Miejskiej Jeleniej G\u00f3ry, kt\u00f3ra obj\u0119\u0142a akcj\u0119 swoim patronatem.<\/p>\n","protected":false},"excerpt":{"rendered":"W listopadzie br. og\u0142oszony zosta\u0142 konkurs Akademii Jetix &#8211; Magiczna Przygoda! Dzieci mia\u0142y za zadanie stworzenie historii w formie komiksu, przedstawiaj\u0105cej wymy\u015blon\u0105 przygod\u0119 bohater\u00f3w jednego z dw\u00f3ch seriali &#8211; A.T.O.M. lub W.I.T.C.H.","protected":false},"author":1,"featured_media":83703,"comment_status":"open","ping_status":"closed","sticky":false,"template":"","format":"standard","meta":{"csco_display_header_overlay":false,"csco_singular_sidebar":"","csco_page_header_type":"","csco_page_load_nextpost":"","csco_post_video_location":[],"csco_post_video_location_hash":"","csco_post_video_url":"","csco_post_video_bg_start_time":0,"csco_post_video_bg_end_time":0,"footnotes":""},"categories":[9670],"tags":[],"class_list":{"0":"post-83702","1":"post","2":"type-post","3":"status-publish","4":"format-standard","5":"has-post-thumbnail","7":"category-tv","8":"cs-entry","9":"cs-video-wrap"},"_links":{"self":[{"href":"https:\/\/mediarun.com\/pl\/wp-json\/wp\/v2\/posts\/83702","targetHints":{"allow":["GET"]}}],"collection":[{"href":"https:\/\/mediarun.com\/pl\/wp-json\/wp\/v2\/posts"}],"about":[{"href":"https:\/\/mediarun.com\/pl\/wp-json\/wp\/v2\/types\/post"}],"author":[{"embeddable":true,"href":"https:\/\/mediarun.com\/pl\/wp-json\/wp\/v2\/users\/1"}],"replies":[{"embeddable":true,"href":"https:\/\/mediarun.com\/pl\/wp-json\/wp\/v2\/comments?post=83702"}],"version-history":[{"count":0,"href":"https:\/\/mediarun.com\/pl\/wp-json\/wp\/v2\/posts\/83702\/revisions"}],"wp:featuredmedia":[{"embeddable":true,"href":"https:\/\/mediarun.com\/pl\/wp-json\/wp\/v2\/media\/83703"}],"wp:attachment":[{"href":"https:\/\/mediarun.com\/pl\/wp-json\/wp\/v2\/media?parent=83702"}],"wp:term":[{"taxonomy":"category","embeddable":true,"href":"https:\/\/mediarun.com\/pl\/wp-json\/wp\/v2\/categories?post=83702"},{"taxonomy":"post_tag","embeddable":true,"href":"https:\/\/mediarun.com\/pl\/wp-json\/wp\/v2\/tags?post=83702"}],"curies":[{"name":"wp","href":"https:\/\/api.w.org\/{rel}","templated":true}]}}