{"id":83701,"date":"2005-12-14T00:20:54","date_gmt":"2005-12-13T23:20:54","guid":{"rendered":"https:\/\/mediarun.com\/index.php\/news-posts\/nagroda-dla-dorocinskiego\/"},"modified":"2005-12-14T00:20:54","modified_gmt":"2005-12-13T23:20:54","slug":"nagroda-dla-dorocinskiego","status":"publish","type":"post","link":"https:\/\/mediarun.com\/pl\/wydarzenia\/nagroda-dla-dorocinskiego.html","title":{"rendered":"Nagroda dla Doroci\u0144skiego"},"content":{"rendered":"<p>Nagroda im. Zbyszka Cybulskiego to jedno z najstarszych i najbardziej presti\u017cowych wyr\u00f3\u017cnie\u0144, maj\u0105cych na celu wy\u0142onienie m\u0142odych, wyr\u00f3\u017cniaj\u0105cych si\u0119 wybitn\u0105 indywidualno\u015bci\u0105, aktor\u00f3w. Dotychczas t\u0105 nagrod\u0105 zosta\u0142o uhonorowanych wiele postaci polskiego kina m.in. Daniel Olbrychski, Marian Opania, Olgierd \u0141ukaszewicz, Krystyna Janda, Maja Komorowska, Marek Kondrat i Krzysztof Majchrzak.<\/p>\n<p>Poza Marcinem Doroci\u0144skim uhonorowano tak\u017ce Borysa Szyca, kt\u00f3ry otrzyma\u0142 laury od publiczno\u015bci oraz Maj\u0119 Ostaszewsk\u0105, kt\u00f3ra odebra\u0142a nagrod\u0119 miesi\u0119cznika &#8222;Kino&#8221;.<br \/>\nDziesi\u0119cioletnia przerwa w przyznawaniu nagrody im. Zbyszka Cybulskiego spowodowa\u0142a, \u017ce \u017caden z nominowanych nie wiedzia\u0142 o jej istnieniu. Doroci\u0144ski pokona\u0142 pi\u0119ciu innych kandydat\u00f3w: Kamill\u0119 Baar (&#8222;Vinci&#8221;), Agnieszk\u0119 Grochowsk\u0105 (&#8222;Pr\u0119gi&#8221;), Maj\u0119 Ostaszewsk\u0105 (&#8222;Przemiany&#8221;), Rafa\u0142a Ma\u0107kowiaka (&#8222;W d\u00f3\u0142 kolorowym wzg\u00f3rzem&#8221;) i Borysa Szyca (&#8222;Symetria&#8221;).<\/p>\n<p>Telewizyjna Dw\u00f3jka 15 grudnia o godz. 22.45 zacznie emisj\u0119 5-odcinkowego serialu Patryka Vegi &#8211; &#8222;PitBull&#8221; <\/p>\n","protected":false},"excerpt":{"rendered":"12 grudnia 2005 roku w warszawskim Multikinie odby\u0142a si\u0119 ceremonia wr\u0119czenia nagrody im. Zbyszka Cybulskiego. Laureatem nagrody zosta\u0142 Marcin Doroci\u0144ski doceniony za rol\u0119 Despero w filmie Patryka Vegi &#8222;PitBull&#8221;.","protected":false},"author":1,"featured_media":0,"comment_status":"open","ping_status":"closed","sticky":false,"template":"","format":"standard","meta":{"csco_display_header_overlay":false,"csco_singular_sidebar":"","csco_page_header_type":"","csco_page_load_nextpost":"","csco_post_video_location":[],"csco_post_video_location_hash":"","csco_post_video_url":"","csco_post_video_bg_start_time":0,"csco_post_video_bg_end_time":0,"footnotes":""},"categories":[46],"tags":[],"class_list":{"0":"post-83701","1":"post","2":"type-post","3":"status-publish","4":"format-standard","6":"category-wydarzenia","7":"cs-entry","8":"cs-video-wrap"},"_links":{"self":[{"href":"https:\/\/mediarun.com\/pl\/wp-json\/wp\/v2\/posts\/83701","targetHints":{"allow":["GET"]}}],"collection":[{"href":"https:\/\/mediarun.com\/pl\/wp-json\/wp\/v2\/posts"}],"about":[{"href":"https:\/\/mediarun.com\/pl\/wp-json\/wp\/v2\/types\/post"}],"author":[{"embeddable":true,"href":"https:\/\/mediarun.com\/pl\/wp-json\/wp\/v2\/users\/1"}],"replies":[{"embeddable":true,"href":"https:\/\/mediarun.com\/pl\/wp-json\/wp\/v2\/comments?post=83701"}],"version-history":[{"count":0,"href":"https:\/\/mediarun.com\/pl\/wp-json\/wp\/v2\/posts\/83701\/revisions"}],"wp:attachment":[{"href":"https:\/\/mediarun.com\/pl\/wp-json\/wp\/v2\/media?parent=83701"}],"wp:term":[{"taxonomy":"category","embeddable":true,"href":"https:\/\/mediarun.com\/pl\/wp-json\/wp\/v2\/categories?post=83701"},{"taxonomy":"post_tag","embeddable":true,"href":"https:\/\/mediarun.com\/pl\/wp-json\/wp\/v2\/tags?post=83701"}],"curies":[{"name":"wp","href":"https:\/\/api.w.org\/{rel}","templated":true}]}}