{"id":83689,"date":"2005-12-14T00:40:44","date_gmt":"2005-12-13T23:40:44","guid":{"rendered":"https:\/\/mediarun.com\/index.php\/news-posts\/nowy-program-tomasza-kammela\/"},"modified":"2005-12-14T00:40:44","modified_gmt":"2005-12-13T23:40:44","slug":"nowy-program-tomasza-kammela","status":"publish","type":"post","link":"https:\/\/mediarun.com\/pl\/media\/tv\/nowy-program-tomasza-kammela.html","title":{"rendered":"Nowy program Tomasza Kammela"},"content":{"rendered":"<p>&#8211; B\u0119dziemy m\u00f3wi\u0107 o tym, o czym wszyscy m\u00f3wi\u0105 i czego  wszyscy chcieliby si\u0119 dowiedzie\u0107. Magazyn b\u0119dzie dynamicznym podsumowaniem wydarze\u0144 kulturalnych i towarzyskich, oraz ciekawostek z kraju i ze \u015bwiata. Utrzymany w szybkim tempie, poruszaj\u0105cy ciekawe tematy, wprowadzi nas do \u015bwiata gwiazd muzyki i kina, przybli\u017cy najciekawsze wydarzenia kulturalne i filmowe. B\u0119dziemy mogli przyjrze\u0107 si\u0119 realizacji teledysk\u00f3w, relacji z sesji modowych, produkcji film\u00f3w i festiwali, pos\u0142uchamy zwierze\u0144 gwiazd.  &#8211; poinformowa\u0142a nas Telewizja Polska<\/p>\n<p><?plik(4120,'center','')?><\/p>\n<p>Na emisj\u0119 pierwszego odcinka zapraszamy do TVP 1 ju\u017c 17 grudnia (sobota) o godz. 17.50. Gospodarzem programu jest Tomasz Kammel.<\/p>\n<p><?plik(4121,'center','')?><\/p>\n","protected":false},"excerpt":{"rendered":"ShowExpress &#8211;  szybko, kr\u00f3tko i z przymru\u017ceniem oka &#8211;  to nowy magazyn informacyjny Jedynki o najaktualniejszych i najciekawszych wydarzeniach z kulis krajowego i \u015bwiatowego show biznesu. Go\u015bciem specjalnym pierwszego wydania programu b\u0119dzie Jean Michel Jarre.","protected":false},"author":1,"featured_media":83690,"comment_status":"open","ping_status":"closed","sticky":false,"template":"","format":"standard","meta":{"csco_display_header_overlay":false,"csco_singular_sidebar":"","csco_page_header_type":"","csco_page_load_nextpost":"","csco_post_video_location":[],"csco_post_video_location_hash":"","csco_post_video_url":"","csco_post_video_bg_start_time":0,"csco_post_video_bg_end_time":0,"footnotes":""},"categories":[9670],"tags":[],"class_list":{"0":"post-83689","1":"post","2":"type-post","3":"status-publish","4":"format-standard","5":"has-post-thumbnail","7":"category-tv","8":"cs-entry","9":"cs-video-wrap"},"_links":{"self":[{"href":"https:\/\/mediarun.com\/pl\/wp-json\/wp\/v2\/posts\/83689","targetHints":{"allow":["GET"]}}],"collection":[{"href":"https:\/\/mediarun.com\/pl\/wp-json\/wp\/v2\/posts"}],"about":[{"href":"https:\/\/mediarun.com\/pl\/wp-json\/wp\/v2\/types\/post"}],"author":[{"embeddable":true,"href":"https:\/\/mediarun.com\/pl\/wp-json\/wp\/v2\/users\/1"}],"replies":[{"embeddable":true,"href":"https:\/\/mediarun.com\/pl\/wp-json\/wp\/v2\/comments?post=83689"}],"version-history":[{"count":0,"href":"https:\/\/mediarun.com\/pl\/wp-json\/wp\/v2\/posts\/83689\/revisions"}],"wp:featuredmedia":[{"embeddable":true,"href":"https:\/\/mediarun.com\/pl\/wp-json\/wp\/v2\/media\/83690"}],"wp:attachment":[{"href":"https:\/\/mediarun.com\/pl\/wp-json\/wp\/v2\/media?parent=83689"}],"wp:term":[{"taxonomy":"category","embeddable":true,"href":"https:\/\/mediarun.com\/pl\/wp-json\/wp\/v2\/categories?post=83689"},{"taxonomy":"post_tag","embeddable":true,"href":"https:\/\/mediarun.com\/pl\/wp-json\/wp\/v2\/tags?post=83689"}],"curies":[{"name":"wp","href":"https:\/\/api.w.org\/{rel}","templated":true}]}}