{"id":83686,"date":"2005-12-14T00:59:51","date_gmt":"2005-12-13T23:59:51","guid":{"rendered":"https:\/\/mediarun.com\/index.php\/news-posts\/zalozenia-programu-zwrotnica\/"},"modified":"2005-12-14T00:59:51","modified_gmt":"2005-12-13T23:59:51","slug":"zalozenia-programu-zwrotnica","status":"publish","type":"post","link":"https:\/\/mediarun.com\/pl\/media\/tv\/zalozenia-programu-zwrotnica.html","title":{"rendered":"Za\u0142o\u017cenia programu Zwrotnica"},"content":{"rendered":"<p>Program tworz\u0105 osoby, kt\u00f3re interesuj\u0105 si\u0119 histori\u0105 i z w\u0142asnego do\u015bwiadczenia wiedz\u0105, jak trudno zrozumie\u0107 to, co mia\u0142o miejsce w poprzedniej epoce, bez poznania efekt\u00f3w gruntownych bada\u0144.<\/p>\n<p>W\u015br\u00f3d nich s\u0105 Mateusz Bednarkiewicz, Micha\u0142 W\u00f3jcik i Antoni Dudek z IPN. S\u0105 oni autorami scenariusza pierwszego odcinka.<\/p>\n<p>G\u0142\u00f3wne za\u0142o\u017cenie programu to pr\u00f3ba pokazania mechanizm\u00f3w rz\u0105dz\u0105cych PRL-em. Ukazanie kulis kraju reglamentowanej wolno\u015bci. Autorzy spr\u00f3buj\u0105 pokaza\u0107 nowych bohater\u00f3w i ujawni\u0107 nowe, nieznane do tej pory wydarzenia.<\/p>\n<p>Dlaczego &#8222;Zwrotnica&#8221;? Autorzy spr\u00f3buj\u0105 przestawi\u0107 kierunek zainteresowania polsk\u0105 histori\u0105. W mediach, a co za tym idzie w powszechnej \u015bwiadomo\u015bci Polak\u00f3w &#8211; historia raczej nie wyst\u0119puje. A je\u015bli ju\u017c &#8211; to dotyczy konsekwencji pewnych proces\u00f3w, kt\u00f3rych nie rozumiemy i nie znamy. Autorzy spr\u00f3buj\u0105 je poda\u0107 korzystaj\u0105c z wiedzy historyk\u00f3w IPN.<\/p>\n<p>Producentem programu jest pozna\u0144ska firma &#8222;Sowafilm&#8221;.<\/p>\n","protected":false},"excerpt":{"rendered":"Pierwszy program &#8222;Zwrotnica&#8221; pojawi si\u0119 na antenie TVP1 14 grudnia o 23.15. Nast\u0119pne b\u0119d\u0105 nadawane w 2006 roku. Docelowo cztery razy w miesi\u0105cu i trwa\u0107 p\u00f3\u0142 godziny. Trzy razy w miesi\u0105cu b\u0119dzie to program publicystyczny (prowadzony przez Krzysztofa Skowro\u0144skiego), a raz film dokumentalny.","protected":false},"author":1,"featured_media":83687,"comment_status":"open","ping_status":"closed","sticky":false,"template":"","format":"standard","meta":{"csco_display_header_overlay":false,"csco_singular_sidebar":"","csco_page_header_type":"","csco_page_load_nextpost":"","csco_post_video_location":[],"csco_post_video_location_hash":"","csco_post_video_url":"","csco_post_video_bg_start_time":0,"csco_post_video_bg_end_time":0,"footnotes":""},"categories":[9670],"tags":[],"class_list":{"0":"post-83686","1":"post","2":"type-post","3":"status-publish","4":"format-standard","5":"has-post-thumbnail","7":"category-tv","8":"cs-entry","9":"cs-video-wrap"},"_links":{"self":[{"href":"https:\/\/mediarun.com\/pl\/wp-json\/wp\/v2\/posts\/83686","targetHints":{"allow":["GET"]}}],"collection":[{"href":"https:\/\/mediarun.com\/pl\/wp-json\/wp\/v2\/posts"}],"about":[{"href":"https:\/\/mediarun.com\/pl\/wp-json\/wp\/v2\/types\/post"}],"author":[{"embeddable":true,"href":"https:\/\/mediarun.com\/pl\/wp-json\/wp\/v2\/users\/1"}],"replies":[{"embeddable":true,"href":"https:\/\/mediarun.com\/pl\/wp-json\/wp\/v2\/comments?post=83686"}],"version-history":[{"count":0,"href":"https:\/\/mediarun.com\/pl\/wp-json\/wp\/v2\/posts\/83686\/revisions"}],"wp:featuredmedia":[{"embeddable":true,"href":"https:\/\/mediarun.com\/pl\/wp-json\/wp\/v2\/media\/83687"}],"wp:attachment":[{"href":"https:\/\/mediarun.com\/pl\/wp-json\/wp\/v2\/media?parent=83686"}],"wp:term":[{"taxonomy":"category","embeddable":true,"href":"https:\/\/mediarun.com\/pl\/wp-json\/wp\/v2\/categories?post=83686"},{"taxonomy":"post_tag","embeddable":true,"href":"https:\/\/mediarun.com\/pl\/wp-json\/wp\/v2\/tags?post=83686"}],"curies":[{"name":"wp","href":"https:\/\/api.w.org\/{rel}","templated":true}]}}