{"id":83684,"date":"2005-12-14T01:02:05","date_gmt":"2005-12-14T00:02:05","guid":{"rendered":"https:\/\/mediarun.com\/index.php\/news-posts\/na-celowniku-od-19-grudnia\/"},"modified":"2005-12-14T01:02:05","modified_gmt":"2005-12-14T00:02:05","slug":"na-celowniku-od-19-grudnia","status":"publish","type":"post","link":"https:\/\/mediarun.com\/pl\/media\/tv\/na-celowniku-od-19-grudnia.html","title":{"rendered":"&#8222;Na celowniku&#8221; od 19 grudnia"},"content":{"rendered":"<p>B\u0119d\u0105 je przygotowywa\u0107 dziennikarze z o\u015brodk\u00f3w regionalnych TVP i wsp\u00f3\u0142pracownicy TVP1. Program poprowadzi Micha\u0142 Adamczyk, dziennikarz i prowadz\u0105cy &#8221;Wiadomo\u015bci&#8221; (TVP1).<\/p>\n<p>Wydawc\u0105 jest Joanna W\u0105sowska (by\u0142a prowadz\u0105ca i wydawca &#8221;Interwencji&#8221; Polsatu, od czerwca zwi\u0105zana z TVP &#8211; przygotowuje felietony do programu &#8222;FORUM&#8221;), a producentem Jaros\u0142aw Grzelak (Agencja Produkcji Audycji Telewizyjnych).<\/p>\n","protected":false},"excerpt":{"rendered":"Magazyn reporterski TVP 1 &#8222;Na celowniku&#8221; b\u0119dzie nadawany 2 razy w tygodniu, w poniedzia\u0142ki i wtorki o 17.20. Premiera 19 grudnia. Odcinek trwa ok. 8 minut. Reporta\u017ce (w ka\u017cdym wydaniu jeden lub dwa) maj\u0105 dotyczy\u0107 spraw spo\u0142ecznych.","protected":false},"author":1,"featured_media":83685,"comment_status":"open","ping_status":"closed","sticky":false,"template":"","format":"standard","meta":{"csco_display_header_overlay":false,"csco_singular_sidebar":"","csco_page_header_type":"","csco_page_load_nextpost":"","csco_post_video_location":[],"csco_post_video_location_hash":"","csco_post_video_url":"","csco_post_video_bg_start_time":0,"csco_post_video_bg_end_time":0,"footnotes":""},"categories":[9670],"tags":[],"class_list":{"0":"post-83684","1":"post","2":"type-post","3":"status-publish","4":"format-standard","5":"has-post-thumbnail","7":"category-tv","8":"cs-entry","9":"cs-video-wrap"},"_links":{"self":[{"href":"https:\/\/mediarun.com\/pl\/wp-json\/wp\/v2\/posts\/83684","targetHints":{"allow":["GET"]}}],"collection":[{"href":"https:\/\/mediarun.com\/pl\/wp-json\/wp\/v2\/posts"}],"about":[{"href":"https:\/\/mediarun.com\/pl\/wp-json\/wp\/v2\/types\/post"}],"author":[{"embeddable":true,"href":"https:\/\/mediarun.com\/pl\/wp-json\/wp\/v2\/users\/1"}],"replies":[{"embeddable":true,"href":"https:\/\/mediarun.com\/pl\/wp-json\/wp\/v2\/comments?post=83684"}],"version-history":[{"count":0,"href":"https:\/\/mediarun.com\/pl\/wp-json\/wp\/v2\/posts\/83684\/revisions"}],"wp:featuredmedia":[{"embeddable":true,"href":"https:\/\/mediarun.com\/pl\/wp-json\/wp\/v2\/media\/83685"}],"wp:attachment":[{"href":"https:\/\/mediarun.com\/pl\/wp-json\/wp\/v2\/media?parent=83684"}],"wp:term":[{"taxonomy":"category","embeddable":true,"href":"https:\/\/mediarun.com\/pl\/wp-json\/wp\/v2\/categories?post=83684"},{"taxonomy":"post_tag","embeddable":true,"href":"https:\/\/mediarun.com\/pl\/wp-json\/wp\/v2\/tags?post=83684"}],"curies":[{"name":"wp","href":"https:\/\/api.w.org\/{rel}","templated":true}]}}