{"id":83681,"date":"2005-12-14T01:23:16","date_gmt":"2005-12-14T00:23:16","guid":{"rendered":"https:\/\/mediarun.com\/index.php\/news-posts\/112-utworow-wybrano-do-eurowizji\/"},"modified":"2005-12-14T01:23:16","modified_gmt":"2005-12-14T00:23:16","slug":"112-utworow-wybrano-do-eurowizji","status":"publish","type":"post","link":"https:\/\/mediarun.com\/pl\/media\/tv\/112-utworow-wybrano-do-eurowizji.html","title":{"rendered":"112 utwor\u00f3w wybrano do Eurowizji"},"content":{"rendered":"<p>&#8211; W\u015br\u00f3d wykonawc\u00f3w zabrak\u0142o Dody i Mandaryny. Wed\u0142ug Dody konkurs straci\u0142 na presti\u017cu. 28 stycznia na koncercie &#8222;Piosenka dla Europy&#8221; komisja i widzowie wybior\u0105 t\u0119, kt\u00f3ra b\u0119dzie reprezentowa\u0142a Polsk\u0119 w Atenach w maju 2006. Do walki stan\u0119li m.in.: Ivan i Delfin, Ich Troje, Brathanki, Szymon Wydra, Katarzyna Skrzynecka. &#8211; pisze &#8222;Super Express&#8221;<\/p>\n","protected":false},"excerpt":{"rendered":"W polskich preselekcjach do Eurowizji 2006 znalaz\u0142o si\u0119 112 utwor\u00f3w. Fina\u0142owe 15 poznamy 20 grudnia. &#8211; informuje &#8222;Super Express&#8221;","protected":false},"author":1,"featured_media":0,"comment_status":"open","ping_status":"closed","sticky":false,"template":"","format":"standard","meta":{"csco_display_header_overlay":false,"csco_singular_sidebar":"","csco_page_header_type":"","csco_page_load_nextpost":"","csco_post_video_location":[],"csco_post_video_location_hash":"","csco_post_video_url":"","csco_post_video_bg_start_time":0,"csco_post_video_bg_end_time":0,"footnotes":""},"categories":[9670],"tags":[],"class_list":{"0":"post-83681","1":"post","2":"type-post","3":"status-publish","4":"format-standard","6":"category-tv","7":"cs-entry","8":"cs-video-wrap"},"_links":{"self":[{"href":"https:\/\/mediarun.com\/pl\/wp-json\/wp\/v2\/posts\/83681","targetHints":{"allow":["GET"]}}],"collection":[{"href":"https:\/\/mediarun.com\/pl\/wp-json\/wp\/v2\/posts"}],"about":[{"href":"https:\/\/mediarun.com\/pl\/wp-json\/wp\/v2\/types\/post"}],"author":[{"embeddable":true,"href":"https:\/\/mediarun.com\/pl\/wp-json\/wp\/v2\/users\/1"}],"replies":[{"embeddable":true,"href":"https:\/\/mediarun.com\/pl\/wp-json\/wp\/v2\/comments?post=83681"}],"version-history":[{"count":0,"href":"https:\/\/mediarun.com\/pl\/wp-json\/wp\/v2\/posts\/83681\/revisions"}],"wp:attachment":[{"href":"https:\/\/mediarun.com\/pl\/wp-json\/wp\/v2\/media?parent=83681"}],"wp:term":[{"taxonomy":"category","embeddable":true,"href":"https:\/\/mediarun.com\/pl\/wp-json\/wp\/v2\/categories?post=83681"},{"taxonomy":"post_tag","embeddable":true,"href":"https:\/\/mediarun.com\/pl\/wp-json\/wp\/v2\/tags?post=83681"}],"curies":[{"name":"wp","href":"https:\/\/api.w.org\/{rel}","templated":true}]}}