{"id":83650,"date":"2005-12-14T12:29:48","date_gmt":"2005-12-14T11:29:48","guid":{"rendered":"https:\/\/mediarun.com\/index.php\/news-posts\/swiateczny-szymon-majewski\/"},"modified":"2005-12-14T12:29:48","modified_gmt":"2005-12-14T11:29:48","slug":"swiateczny-szymon-majewski","status":"publish","type":"post","link":"https:\/\/mediarun.com\/pl\/media\/tv\/swiateczny-szymon-majewski.html","title":{"rendered":"\u015awi\u0105teczny Szymon Majewski"},"content":{"rendered":"<p>W pierwszej cz\u0119\u015bci aktorzy parodiowa\u0107 b\u0119d\u0105: Andrzeja Leppera, Renat\u0119 Beger, Kazimier\u0119 Szczuk\u0119 i Jerzego Urbana.<br \/>\nW cz\u0119\u015bci drugiej: Janina Paradowska, Doda, Janusz Rewi\u0144ski<br \/>\ni Kazimierz Marcinkiewicz.<\/p>\n<p>W cz\u0119\u015bci trzeciej: Maria Kaczy\u0144ska, Lech Kaczy\u0144ski, Krystyna Janda i  Lech Wa\u0142\u0119sa.<\/p>\n<p>25 grudnia, poniedzia\u0142ek, 21.45, Sobota, 15.45 \/ powt.<\/p>\n","protected":false},"excerpt":{"rendered":"\u015awi\u0105teczne wydanie programu b\u0119dzie sk\u0142ada\u0142o si\u0119 z trzech specjalnych odcink\u00f3w kabaretu politycznego &#8211; Rozmowy w t\u0142oku, z kt\u00f3rych ka\u017cdy b\u0119dzie podsumowaniem kolejnych czterech miesi\u0119cy 2005 roku.","protected":false},"author":1,"featured_media":83651,"comment_status":"open","ping_status":"closed","sticky":false,"template":"","format":"standard","meta":{"csco_display_header_overlay":false,"csco_singular_sidebar":"","csco_page_header_type":"","csco_page_load_nextpost":"","csco_post_video_location":[],"csco_post_video_location_hash":"","csco_post_video_url":"","csco_post_video_bg_start_time":0,"csco_post_video_bg_end_time":0,"footnotes":""},"categories":[9670],"tags":[],"class_list":{"0":"post-83650","1":"post","2":"type-post","3":"status-publish","4":"format-standard","5":"has-post-thumbnail","7":"category-tv","8":"cs-entry","9":"cs-video-wrap"},"_links":{"self":[{"href":"https:\/\/mediarun.com\/pl\/wp-json\/wp\/v2\/posts\/83650","targetHints":{"allow":["GET"]}}],"collection":[{"href":"https:\/\/mediarun.com\/pl\/wp-json\/wp\/v2\/posts"}],"about":[{"href":"https:\/\/mediarun.com\/pl\/wp-json\/wp\/v2\/types\/post"}],"author":[{"embeddable":true,"href":"https:\/\/mediarun.com\/pl\/wp-json\/wp\/v2\/users\/1"}],"replies":[{"embeddable":true,"href":"https:\/\/mediarun.com\/pl\/wp-json\/wp\/v2\/comments?post=83650"}],"version-history":[{"count":0,"href":"https:\/\/mediarun.com\/pl\/wp-json\/wp\/v2\/posts\/83650\/revisions"}],"wp:featuredmedia":[{"embeddable":true,"href":"https:\/\/mediarun.com\/pl\/wp-json\/wp\/v2\/media\/83651"}],"wp:attachment":[{"href":"https:\/\/mediarun.com\/pl\/wp-json\/wp\/v2\/media?parent=83650"}],"wp:term":[{"taxonomy":"category","embeddable":true,"href":"https:\/\/mediarun.com\/pl\/wp-json\/wp\/v2\/categories?post=83650"},{"taxonomy":"post_tag","embeddable":true,"href":"https:\/\/mediarun.com\/pl\/wp-json\/wp\/v2\/tags?post=83650"}],"curies":[{"name":"wp","href":"https:\/\/api.w.org\/{rel}","templated":true}]}}