{"id":83649,"date":"2005-12-14T12:36:32","date_gmt":"2005-12-14T11:36:32","guid":{"rendered":"https:\/\/mediarun.com\/index.php\/news-posts\/wielkie-ucieczki-od-27-grudnia\/"},"modified":"2005-12-14T12:36:32","modified_gmt":"2005-12-14T11:36:32","slug":"wielkie-ucieczki-od-27-grudnia","status":"publish","type":"post","link":"https:\/\/mediarun.com\/pl\/media\/tv\/wielkie-ucieczki-od-27-grudnia.html","title":{"rendered":"Wielkie ucieczki od 27 grudnia"},"content":{"rendered":"<p>Produkcja serialu zabra\u0142a rok. Do tej pory nakr\u0119cono 9 odcink\u00f3w, zdj\u0119cia by\u0142y kr\u0119cone w Australii, USA, Kanadzie, Rosji i niemal ca\u0142ej Polsce.<\/p>\n<p>Tw\u00f3rcy serialu postawili sobie za cel ukazanie ma\u0142o znanych kart polskiej historii powojennej: spektakularnych ucieczek Polak\u00f3w za granic\u0119 w czasach panowania re\u017cimu komunistycznego. W trakcie dokumentacji wy\u0142oniono te najbardziej interesuj\u0105ce, trzymaj\u0105ce w napi\u0119ciu, kt\u00f3re niejednokrotnie mog\u0142yby s\u0142u\u017cy\u0107 za kanw\u0119 thriller\u00f3w politycznych. Ka\u017cdy odcinek opowiada o innej ucieczce. Jest podzielony na dwie cz\u0119\u015bci &#8211; dokumentaln\u0105 oraz fabularn\u0105. W cz\u0119\u015bci dokumentalnej &#8211; ogniwem \u0142\u0105cz\u0105cym jest posta\u0107 Tomasza Sianeckiego, dziennikarza Fakt\u00f3w, kt\u00f3ry prowadzi widza przez skomplikowane losy bohater\u00f3w.<\/p>\n<p>Cz\u0119\u015b\u0107 fabularna wi\u0105za\u0142a si\u0119 z uruchomieniem pot\u0119\u017cnej filmowej maszyny. Inscenizacje ucieczek odbywa\u0142y si\u0119 w realistycznej scenerii, z udzia\u0142em zawodowych aktor\u00f3w krakowskich teatr\u00f3w. Re\u017cyserom zale\u017ca\u0142o na maksymalnym uwiarygodnieniu zdarze\u0144 opowiadanych przez tych, kt\u00f3rzy je prze\u017cyli. Dlatego pierwszym etapem produkcji by\u0142a \u017cmudna dokumentacja &#8211; poszukiwanie bohater\u00f3w, po kt\u00f3rych \u015blad zagin\u0105\u0142 w momencie ucieczki z kraju (cz\u0119\u015b\u0107 dokumentacji przekazano do IPN, kt\u00f3ry nie posiada\u0142 do tej pory \u017cadnych informacji odno\u015bnie dalszych los\u00f3w bohater\u00f3w ucieczek). Nast\u0119pnie, ekipa realizacyjna przemierzy\u0142a tysi\u0105ce kilometr\u00f3w, aby nakr\u0119ci\u0107 d\u0142ugie, wzruszaj\u0105ce rozmowy z bohaterami serialu. Na ich podstawie re\u017cyserzy, stworzyli scenariusze odcink\u00f3w serialu. Ka\u017cdy odcinek jest osadzony w konkretnym kontek\u015bcie historycznym, dlatego cz\u0119\u015b\u0107 dokumentaln\u0105 i fabularn\u0105 uzupe\u0142niaj\u0105 liczne nieznane dotychczas archiwalia.<\/p>\n<p>Pierwszy odcinek nosi tytu\u0142 &#8222;Kurier&#8221;. Ludwik Niemczyk, brat aktora, Leona Niemczyka, kr\u00f3tko po wojnie wykonywa\u0142 brawurowe akcje przemytu ludzi za polsk\u0105 granic\u0119. \u0141\u0105czy\u0142 rozerwane przez wojn\u0119 i komunizm rodziny, przenosi\u0142 wie\u015bci o zaginionych. Przyp\u0142aci\u0142 t\u0119 dzia\u0142alno\u015b\u0107 ci\u0119\u017ckim wi\u0119zieniem. Po og\u0142oszeniu amnestii zdecydowa\u0142 si\u0119 wraz z \u017con\u0105, jej siostr\u0105 i m\u0119\u017cem siostry &#8211; uciec z Polski.<\/p>\n<p>&#8222;Kurier&#8221; rozwija si\u0119 przed widzem jak uk\u0142adanka. To praktycznie nie jedna, a trzy historie, kt\u00f3re \u0142\u0105czy posta\u0107 g\u0142\u00f3wnego bohatera. Formu\u0142a serialu umo\u017cliwi\u0142a tw\u00f3rcom opowiedzenie ich w najbardziej sugestywny spos\u00f3b. W cz\u0119\u015bci dokumentalnej filmu ekipa i prowadz\u0105cy, Tomasz Sianecki, przeprowadzili rozmowy z Ludwikiem i Leonem Niemczykami. Obaj bracia s\u0105 niepospolitymi lud\u017ami i ciekawymi rozm\u00f3wcami, ich opowie\u015b\u0107 dostarczy widzowi wielu r\u00f3\u017cnorodnych prze\u017cy\u0107: rozbawienia, oczekiwania, napi\u0119cia, a przede wszystkim wzruszenia.<\/p>\n<p>Dope\u0142nieniem dla dokumentu jest cz\u0119\u015b\u0107 fabularna, w kt\u00f3rej aktorzy wcielaj\u0105 si\u0119 w role bohater\u00f3w. Widzowie zostan\u0105 z pewno\u015bci\u0105 oczarowani pi\u0119knem zdj\u0119\u0107, \u015bwietnymi kreacjami aktorskimi, z pietyzmem odtworzonymi realiami Polski i W\u0142och prze\u0142omu lat 40. i 50.<\/p>\n<p>Film kr\u0119cono na Pomorzu Zachodnim oraz w Czarnog\u00f3rze. Wiele wysi\u0142ku kosztowa\u0142o odnalezienie odpowiednich scenerii, dzi\u0119ki kt\u00f3rym wydarzenia sprzed p\u00f3\u0142 wieku zosta\u0142y odtworzone wiarygodnie i autentycznie. Akcja przenosi si\u0119 z miejsca w miejsce, z jednego rejonu geograficznego w drugi. W pewien spos\u00f3b &#8222;Kurier&#8221; wpisuje si\u0119 w struktur\u0119 filmu drogi. Ludwik Niemczyk przemierza ponownie zatarte szlaki wskrzeszaj\u0105c wspomnienia, w cz\u0119\u015bci fabularnej &#8211; tymi zakazanymi \u015bcie\u017ckami pod\u0105\u017ca graj\u0105cy go Andrzej M\u0142ynarczyk.<\/p>\n","protected":false},"excerpt":{"rendered":"Telewizja TVN wyemitowa\u0142a pierwszy odcinek serialu &#8222;Wielkie ucieczki&#8221; opowiadaj\u0105cego o bardzo odwa\u017cnych i zdesperowanych Polakach. Ludziach, kt\u00f3rzy postanowili opu\u015bci\u0107 komunistyczn\u0105 ojczyzn\u0119 za wszelk\u0105 cen\u0119 i w ka\u017cdy mo\u017cliwy spos\u00f3b.","protected":false},"author":1,"featured_media":0,"comment_status":"open","ping_status":"closed","sticky":false,"template":"","format":"standard","meta":{"csco_display_header_overlay":false,"csco_singular_sidebar":"","csco_page_header_type":"","csco_page_load_nextpost":"","csco_post_video_location":[],"csco_post_video_location_hash":"","csco_post_video_url":"","csco_post_video_bg_start_time":0,"csco_post_video_bg_end_time":0,"footnotes":""},"categories":[9670],"tags":[],"class_list":{"0":"post-83649","1":"post","2":"type-post","3":"status-publish","4":"format-standard","6":"category-tv","7":"cs-entry","8":"cs-video-wrap"},"_links":{"self":[{"href":"https:\/\/mediarun.com\/pl\/wp-json\/wp\/v2\/posts\/83649","targetHints":{"allow":["GET"]}}],"collection":[{"href":"https:\/\/mediarun.com\/pl\/wp-json\/wp\/v2\/posts"}],"about":[{"href":"https:\/\/mediarun.com\/pl\/wp-json\/wp\/v2\/types\/post"}],"author":[{"embeddable":true,"href":"https:\/\/mediarun.com\/pl\/wp-json\/wp\/v2\/users\/1"}],"replies":[{"embeddable":true,"href":"https:\/\/mediarun.com\/pl\/wp-json\/wp\/v2\/comments?post=83649"}],"version-history":[{"count":0,"href":"https:\/\/mediarun.com\/pl\/wp-json\/wp\/v2\/posts\/83649\/revisions"}],"wp:attachment":[{"href":"https:\/\/mediarun.com\/pl\/wp-json\/wp\/v2\/media?parent=83649"}],"wp:term":[{"taxonomy":"category","embeddable":true,"href":"https:\/\/mediarun.com\/pl\/wp-json\/wp\/v2\/categories?post=83649"},{"taxonomy":"post_tag","embeddable":true,"href":"https:\/\/mediarun.com\/pl\/wp-json\/wp\/v2\/tags?post=83649"}],"curies":[{"name":"wp","href":"https:\/\/api.w.org\/{rel}","templated":true}]}}