{"id":83647,"date":"2005-12-14T12:46:18","date_gmt":"2005-12-14T11:46:18","guid":{"rendered":"https:\/\/mediarun.com\/index.php\/news-posts\/dorn-chce-pozwac-rzeczpospolita\/"},"modified":"2005-12-14T12:46:18","modified_gmt":"2005-12-14T11:46:18","slug":"dorn-chce-pozwac-rzeczpospolita","status":"publish","type":"post","link":"https:\/\/mediarun.com\/pl\/media\/prasa\/dorn-chce-pozwac-rzeczpospolita.html","title":{"rendered":"Dorn chce pozwa\u0107 Rzeczpospolit\u0105"},"content":{"rendered":"<p>&#8211; Twierdzi\u0142, \u017ce tytu\u0142 &#8222;Przedsi\u0119biorca Ludwik Dorn&#8221; jest pom\u00f3wieniem i &#8222;celow\u0105 dzia\u0142alno\u015bci\u0105 maj\u0105c\u0105 na celu podwa\u017cenie publicznego zaufania do jego osoby&#8221;. &#8211; pisze dziennik<\/p>\n<p>&#8211; Wczoraj napisali\u015bmy, \u017ce Ludwik Dorn jest zarejestrowany w warszawskim urz\u0119dzie jako przedsi\u0119biorca, ale nie wpisuje dzia\u0142alno\u015bci do o\u015bwiadcze\u0144 maj\u0105tkowych. &#8211; informuje &#8222;Rzeczpospolita&#8221;<\/p>\n<p>&#8211; Nie zarejestrowa\u0142em si\u0119 w ZUS, nie zarejestrowa\u0142em si\u0119 w urz\u0119dzie skarbowym ani nie wyst\u0105pi\u0142em o REGON. Nawet nie by\u0142a to firma martwa, to w og\u00f3le nie by\u0142a firma &#8211; t\u0142umaczy\u0142. &#8211; W my\u015bl prawa i zdrowego rozs\u0105dku przedsi\u0119biorc\u0105 nie jestem, nie prowadzi\u0142em \u017cadnej dzia\u0142alno\u015bci gospodarczej. <\/p>\n","protected":false},"excerpt":{"rendered":"Szef MSWiA i wicepremier chce pozwa\u0107 &#8222;Rzeczpospolit\u0105&#8221; za tytu\u0142 tekstu &#8222;Przedsi\u0119biorca Ludwik Dorn&#8221;. &#8211; Nigdy przedsi\u0119biorc\u0105 nie by\u0142em, nie z\u0142ama\u0142em ani ustawy o wykonywaniu mandatu pos\u0142a i senatora, ani ustawy o ograniczeniu wykonywania dzia\u0142alno\u015bci gospodarczej przez osoby pe\u0142ni\u0105ce funkcje publiczne &#8211; zapewnia\u0142 wczoraj Dorn dziennikarzy w Sejmie.","protected":false},"author":1,"featured_media":0,"comment_status":"open","ping_status":"closed","sticky":false,"template":"","format":"standard","meta":{"csco_display_header_overlay":false,"csco_singular_sidebar":"","csco_page_header_type":"","csco_page_load_nextpost":"","csco_post_video_location":[],"csco_post_video_location_hash":"","csco_post_video_url":"","csco_post_video_bg_start_time":0,"csco_post_video_bg_end_time":0,"footnotes":""},"categories":[9673],"tags":[],"class_list":{"0":"post-83647","1":"post","2":"type-post","3":"status-publish","4":"format-standard","6":"category-prasa","7":"cs-entry","8":"cs-video-wrap"},"_links":{"self":[{"href":"https:\/\/mediarun.com\/pl\/wp-json\/wp\/v2\/posts\/83647","targetHints":{"allow":["GET"]}}],"collection":[{"href":"https:\/\/mediarun.com\/pl\/wp-json\/wp\/v2\/posts"}],"about":[{"href":"https:\/\/mediarun.com\/pl\/wp-json\/wp\/v2\/types\/post"}],"author":[{"embeddable":true,"href":"https:\/\/mediarun.com\/pl\/wp-json\/wp\/v2\/users\/1"}],"replies":[{"embeddable":true,"href":"https:\/\/mediarun.com\/pl\/wp-json\/wp\/v2\/comments?post=83647"}],"version-history":[{"count":0,"href":"https:\/\/mediarun.com\/pl\/wp-json\/wp\/v2\/posts\/83647\/revisions"}],"wp:attachment":[{"href":"https:\/\/mediarun.com\/pl\/wp-json\/wp\/v2\/media?parent=83647"}],"wp:term":[{"taxonomy":"category","embeddable":true,"href":"https:\/\/mediarun.com\/pl\/wp-json\/wp\/v2\/categories?post=83647"},{"taxonomy":"post_tag","embeddable":true,"href":"https:\/\/mediarun.com\/pl\/wp-json\/wp\/v2\/tags?post=83647"}],"curies":[{"name":"wp","href":"https:\/\/api.w.org\/{rel}","templated":true}]}}