{"id":83646,"date":"2005-12-14T12:49:18","date_gmt":"2005-12-14T11:49:18","guid":{"rendered":"https:\/\/mediarun.com\/index.php\/news-posts\/polska-pozwana-za-numer\/"},"modified":"2005-12-14T12:49:18","modified_gmt":"2005-12-14T11:49:18","slug":"polska-pozwana-za-numer","status":"publish","type":"post","link":"https:\/\/mediarun.com\/pl\/media\/prasa\/polska-pozwana-za-numer.html","title":{"rendered":"Polska pozwana za numer"},"content":{"rendered":"<p>&#8211; Decyzj\u0119 o skierowaniu wniosku przeciwko naszemu krajowi do Europejskiego Trybuna\u0142u Sprawiedliwo\u015bci podj\u0119\u0142a wczoraj Komisja Europejska &#8211; dowiedzieli\u015bmy si\u0119 z wiarygodnego \u017ar\u00f3d\u0142a w Brukseli. Oficjalnie informacja ma zosta\u0107 og\u0142oszona dzi\u015b. &#8211; czytamy w &#8222;Rzeczpospolitej&#8221;<\/p>\n<p>&#8211; Brak mo\u017cliwo\u015bci zachowania numeru telefonu przez abonenta po zmianie operatora narusza zasady konkurencji w UE. Zniech\u0119ca bowiem do zmiany us\u0142ugodawcy. Polska powinna zapewni\u0107 abonentom tak\u0105 mo\u017cliwo\u015b\u0107 ju\u017c od 1 maja 2004 r., a wi\u0119c od wej\u015bcia do UE. Najpierw by\u0142y s\u0142owne porady, potem pisemne ostrze\u017cenia, wreszcie w kwietniu bie\u017c\u0105cego roku Komisja Europejska wszcz\u0119\u0142a procedur\u0119. &#8211; informuje dziennik<\/p>\n<p>&#8211; Na pierwsze formalne upomnienie nie udzielili\u015bmy satysfakcjonuj\u0105cej odpowiedzi, to samo by\u0142o z drugim listem Komisji. W ten spos\u00f3b wyczerpane zosta\u0142y mo\u017cliwo\u015bci za\u0142atwienia sprawy mi\u0119dzy Bruksel\u0105 i Warszaw\u0105. Komisja zdecydowa\u0142a wi\u0119c wczoraj o skierowaniu wniosku do Europejskiego Trybuna\u0142u Sprawiedliwo\u015bci w Luksemburgu, kt\u00f3ry mo\u017ce na\u0142o\u017cy\u0107 na polski rz\u0105d kar\u0119 pieni\u0119\u017cn\u0105. &#8211; pisze &#8222;Rzeczpospolita&#8221;<\/p>\n","protected":false},"excerpt":{"rendered":"Abonenci w Polsce nie maj\u0105 realnej mo\u017cliwo\u015bci zachowania numeru telefonu po zmianie operatora. Bruksela pozywa nas za to przed unijny s\u0105d &#8211; donosi &#8222;Rzeczpospolita&#8221;","protected":false},"author":1,"featured_media":0,"comment_status":"open","ping_status":"closed","sticky":false,"template":"","format":"standard","meta":{"csco_display_header_overlay":false,"csco_singular_sidebar":"","csco_page_header_type":"","csco_page_load_nextpost":"","csco_post_video_location":[],"csco_post_video_location_hash":"","csco_post_video_url":"","csco_post_video_bg_start_time":0,"csco_post_video_bg_end_time":0,"footnotes":""},"categories":[9673],"tags":[],"class_list":{"0":"post-83646","1":"post","2":"type-post","3":"status-publish","4":"format-standard","6":"category-prasa","7":"cs-entry","8":"cs-video-wrap"},"_links":{"self":[{"href":"https:\/\/mediarun.com\/pl\/wp-json\/wp\/v2\/posts\/83646","targetHints":{"allow":["GET"]}}],"collection":[{"href":"https:\/\/mediarun.com\/pl\/wp-json\/wp\/v2\/posts"}],"about":[{"href":"https:\/\/mediarun.com\/pl\/wp-json\/wp\/v2\/types\/post"}],"author":[{"embeddable":true,"href":"https:\/\/mediarun.com\/pl\/wp-json\/wp\/v2\/users\/1"}],"replies":[{"embeddable":true,"href":"https:\/\/mediarun.com\/pl\/wp-json\/wp\/v2\/comments?post=83646"}],"version-history":[{"count":0,"href":"https:\/\/mediarun.com\/pl\/wp-json\/wp\/v2\/posts\/83646\/revisions"}],"wp:attachment":[{"href":"https:\/\/mediarun.com\/pl\/wp-json\/wp\/v2\/media?parent=83646"}],"wp:term":[{"taxonomy":"category","embeddable":true,"href":"https:\/\/mediarun.com\/pl\/wp-json\/wp\/v2\/categories?post=83646"},{"taxonomy":"post_tag","embeddable":true,"href":"https:\/\/mediarun.com\/pl\/wp-json\/wp\/v2\/tags?post=83646"}],"curies":[{"name":"wp","href":"https:\/\/api.w.org\/{rel}","templated":true}]}}