{"id":83643,"date":"2005-12-14T15:10:59","date_gmt":"2005-12-14T14:10:59","guid":{"rendered":"https:\/\/mediarun.com\/index.php\/news-posts\/krrit-zawiesza-postepowanie-wobec-bbc\/"},"modified":"2005-12-14T15:10:59","modified_gmt":"2005-12-14T14:10:59","slug":"krrit-zawiesza-postepowanie-wobec-bbc","status":"publish","type":"post","link":"https:\/\/mediarun.com\/pl\/media\/radio\/krrit-zawiesza-postepowanie-wobec-bbc.html","title":{"rendered":"KRRiT zawiesza post\u0119powanie wobec BBC"},"content":{"rendered":"<p>&#8211; Pro\u015bb\u0105 motywowana jest potrzeb\u0105 czasu na ostateczne podj\u0119cie decyzji przez BBC Polska w sprawie odpowiedzi na promes\u0119 koncesji na radio informacyjno-publicystyczne. Decyzja Serwisu \u015awiatowego BBC o likwidacji Polskiej Sekcji BBC bezpo\u015brednio rzutuje na BBC Polska, bowiem BBC Polska utrzymywana jest z bud\u017cetu redakcji &#8211; poinformowano nas w Sekcji Polskiej BBC.<\/p>\n<p>Jak uda\u0142o nam si\u0119 ustali\u0107 w Sekcji Polskiej BBC, pojawi\u0142a si\u0119 jednak mo\u017cliwo\u015b\u0107 pozyskania inwestor\u00f3w, w tym z innego pionu BBC. &#8211; Ostateczna decyzja czy BBC Polska b\u0119dzie mog\u0142a kontynuowa\u0107 dzia\u0142alno\u015b\u0107 wymaga jednak czasu i st\u0105d pismo do KRRiT z pro\u015bb\u0105 o zawieszenie post\u0119powania &#8211; wyja\u015bniono nam.<\/p>\n<p>KRRiT uchwa\u0142\u0119 o udzieleniu koncesji BBC Polska w Warszawie podj\u0119\u0142a w sierpniu. Stacja ma mie\u0107 charakter informacyjno &#8211; publicystyczno &#8211; edukacyjny. Radio BBC b\u0119dzie dzieli\u0107 cz\u0119stotliwo\u015b\u0107 99,5 MHz w stolicy razem z Radiem Jutrzenka. B\u0119dzie nadawa\u0107 codziennie mi\u0119dzy p\u00f3\u0142noc\u0105, a po\u0142udniem.<\/p>\n","protected":false},"excerpt":{"rendered":"Cz\u0142onkowie Krajowej Rady Radiofonii i Telewizji, na wniosek Sekcji Polskiej BBC, przyj\u0119li uchwa\u0142\u0119 w sprawie zawieszenia do 15 lutego br. post\u0119powania w sprawie udzielenia BBC Polska Sp. z o.o. koncesji na rozpowszechnianie programu radiowego ze stacji nadawczej w Warszawie.","protected":false},"author":1,"featured_media":0,"comment_status":"open","ping_status":"closed","sticky":false,"template":"","format":"standard","meta":{"csco_display_header_overlay":false,"csco_singular_sidebar":"","csco_page_header_type":"","csco_page_load_nextpost":"","csco_post_video_location":[],"csco_post_video_location_hash":"","csco_post_video_url":"","csco_post_video_bg_start_time":0,"csco_post_video_bg_end_time":0,"footnotes":""},"categories":[9672],"tags":[],"class_list":{"0":"post-83643","1":"post","2":"type-post","3":"status-publish","4":"format-standard","6":"category-radio","7":"cs-entry","8":"cs-video-wrap"},"_links":{"self":[{"href":"https:\/\/mediarun.com\/pl\/wp-json\/wp\/v2\/posts\/83643","targetHints":{"allow":["GET"]}}],"collection":[{"href":"https:\/\/mediarun.com\/pl\/wp-json\/wp\/v2\/posts"}],"about":[{"href":"https:\/\/mediarun.com\/pl\/wp-json\/wp\/v2\/types\/post"}],"author":[{"embeddable":true,"href":"https:\/\/mediarun.com\/pl\/wp-json\/wp\/v2\/users\/1"}],"replies":[{"embeddable":true,"href":"https:\/\/mediarun.com\/pl\/wp-json\/wp\/v2\/comments?post=83643"}],"version-history":[{"count":0,"href":"https:\/\/mediarun.com\/pl\/wp-json\/wp\/v2\/posts\/83643\/revisions"}],"wp:attachment":[{"href":"https:\/\/mediarun.com\/pl\/wp-json\/wp\/v2\/media?parent=83643"}],"wp:term":[{"taxonomy":"category","embeddable":true,"href":"https:\/\/mediarun.com\/pl\/wp-json\/wp\/v2\/categories?post=83643"},{"taxonomy":"post_tag","embeddable":true,"href":"https:\/\/mediarun.com\/pl\/wp-json\/wp\/v2\/tags?post=83643"}],"curies":[{"name":"wp","href":"https:\/\/api.w.org\/{rel}","templated":true}]}}