{"id":83636,"date":"2005-12-15T02:16:01","date_gmt":"2005-12-15T01:16:01","guid":{"rendered":"https:\/\/mediarun.com\/index.php\/news-posts\/tvp-kultura-w-telewizji-kablowej\/"},"modified":"2005-12-15T02:16:01","modified_gmt":"2005-12-15T01:16:01","slug":"tvp-kultura-w-telewizji-kablowej","status":"publish","type":"post","link":"https:\/\/mediarun.com\/pl\/media\/tv\/tvp-kultura-w-telewizji-kablowej.html","title":{"rendered":"TVP Kultura w telewizji kablowej"},"content":{"rendered":"<p>Ju\u017c od pi\u0105tku, 16 grudnia 2005 r. TVP Kultura dost\u0119pna b\u0119dzie w pakiecie BASIC ASTER w Warszawie i Krakowie. Kana\u0142 TVP Kultura b\u0119dzie nadawany w Warszawie na kanale C21 (471,25 MHZ), za\u015b w Krakowie na kanale S23 (343,25 MHZ). <\/p>\n<p>ASTER jest pierwszym operatorem, kt\u00f3ry wprowadzi\u0142 TVP Kultura &#8211; najpierw do oferty telewizji cyfrowej a obecnie telewizji kablowej. Tym samym u\u017cytkownicy ASTER b\u0119d\u0105 mieli mo\u017cliwo\u015b\u0107 uczestniczenia w grudniowych wydarzeniach TVP Kultura. W programie wiele kulturalnych hit\u00f3w: koncerty Davida Bowie, Kurta Ellinga i Leszka Mo\u017cd\u017cera, dzie\u0144 polskich prapremier filmowych, teatr &#8222;na \u017cywo&#8221; czyli transmisja wroc\u0142awskiego musicalu &#8222;Scat&#8221;,  Wigilia z laureatem tegorocznego konkursu chopinowskiego Rafa\u0142em Blechaczem a tak\u017ce &#8222;Cinema Paradiso&#8221; &#8211; film Giuseppe Tornatore obsypany kilkunastoma nagrodami na najwa\u017cniejszych mi\u0119dzynarodowych festiwalach. Dodatkowo unikalne dokumenty, gor\u0105ce debaty, artystyczne eksperymenty i naj\u015bwie\u017csze wiadomo\u015bci ze \u015bwiata kultury i  nauki. <\/p>\n<p>W miar\u0119 mo\u017cliwo\u015bci prawnych i technicznych poszczeg\u00f3lnych operator\u00f3w TVP Kultura pojawia\u0107 si\u0119 b\u0119dzie w ich ofercie.<\/p>\n","protected":false},"excerpt":{"rendered":"Ju\u017c na pocz\u0105tku przysz\u0142ego roku TVP Kultura b\u0119dzie dociera\u0107 do blisko 4 milion\u00f3w gospodarstw domowych wyposa\u017conych w telewizj\u0119 kablow\u0105. W oparciu\no porozumienie mi\u0119dzy TVP S.A. i Polsk\u0105 Izb\u0105 Komunikacji Elektronicznej, zawarte 2 grudnia br. a dotycz\u0105ce nieodp\u0142atnego rozprowadzania programu TVP Kultura, TVP SA zawiera obecnie w tej sprawie umowy z poszczeg\u00f3lnymi operatorami.","protected":false},"author":1,"featured_media":83637,"comment_status":"open","ping_status":"closed","sticky":false,"template":"","format":"standard","meta":{"csco_display_header_overlay":false,"csco_singular_sidebar":"","csco_page_header_type":"","csco_page_load_nextpost":"","csco_post_video_location":[],"csco_post_video_location_hash":"","csco_post_video_url":"","csco_post_video_bg_start_time":0,"csco_post_video_bg_end_time":0,"footnotes":""},"categories":[9670],"tags":[],"class_list":{"0":"post-83636","1":"post","2":"type-post","3":"status-publish","4":"format-standard","5":"has-post-thumbnail","7":"category-tv","8":"cs-entry","9":"cs-video-wrap"},"_links":{"self":[{"href":"https:\/\/mediarun.com\/pl\/wp-json\/wp\/v2\/posts\/83636","targetHints":{"allow":["GET"]}}],"collection":[{"href":"https:\/\/mediarun.com\/pl\/wp-json\/wp\/v2\/posts"}],"about":[{"href":"https:\/\/mediarun.com\/pl\/wp-json\/wp\/v2\/types\/post"}],"author":[{"embeddable":true,"href":"https:\/\/mediarun.com\/pl\/wp-json\/wp\/v2\/users\/1"}],"replies":[{"embeddable":true,"href":"https:\/\/mediarun.com\/pl\/wp-json\/wp\/v2\/comments?post=83636"}],"version-history":[{"count":0,"href":"https:\/\/mediarun.com\/pl\/wp-json\/wp\/v2\/posts\/83636\/revisions"}],"wp:featuredmedia":[{"embeddable":true,"href":"https:\/\/mediarun.com\/pl\/wp-json\/wp\/v2\/media\/83637"}],"wp:attachment":[{"href":"https:\/\/mediarun.com\/pl\/wp-json\/wp\/v2\/media?parent=83636"}],"wp:term":[{"taxonomy":"category","embeddable":true,"href":"https:\/\/mediarun.com\/pl\/wp-json\/wp\/v2\/categories?post=83636"},{"taxonomy":"post_tag","embeddable":true,"href":"https:\/\/mediarun.com\/pl\/wp-json\/wp\/v2\/tags?post=83636"}],"curies":[{"name":"wp","href":"https:\/\/api.w.org\/{rel}","templated":true}]}}