{"id":83629,"date":"2005-12-15T02:34:59","date_gmt":"2005-12-15T01:34:59","guid":{"rendered":"https:\/\/mediarun.com\/index.php\/news-posts\/wielka-charytatywna-aukcja-dziel-sztuki\/"},"modified":"2005-12-15T02:34:59","modified_gmt":"2005-12-15T01:34:59","slug":"wielka-charytatywna-aukcja-dziel-sztuki","status":"publish","type":"post","link":"https:\/\/mediarun.com\/pl\/digital\/internet\/wielka-charytatywna-aukcja-dziel-sztuki.html","title":{"rendered":"Wielka charytatywna aukcja dzie\u0142 sztuki"},"content":{"rendered":"<p>Dzie\u0142a sztuki i fotografia artystyczna nie by\u0142y dotychczas przedmiotem licytacji w Internecie na tak wielk\u0105 skal\u0119. Do wyj\u0105tkowej charytatywnej akcji &#8222;Inne Spojrzenie&#8221; w\u0142\u0105czyli si\u0119 znakomici polscy arty\u015bci, zar\u00f3wno ci ju\u017c znani, jak i pocz\u0105tkuj\u0105cy. Obok wybitnych nazwisk na li\u015bcie darczy\u0144c\u00f3w figuruj\u0105 obiecuj\u0105cy m\u0142odzi tw\u00f3rcy przedstawiaj\u0105cy nowatorskie, intryguj\u0105ce spojrzenie na otaczaj\u0105c\u0105 rzeczywisto\u015b\u0107. W\u015br\u00f3d licytowanych przedmiot\u00f3w znalaz\u0142y si\u0119 tak\u017ce zdj\u0119cia wykonane przez dzieci z warszawskiej Pragi, kt\u00f3re podbi\u0142y serca odwiedzaj\u0105cych wystaw\u0119 &#8222;Inne spojrzenie&#8221; zorganizowan\u0105 przez Narodow\u0105 Galeri\u0119 Sztuki &#8222;Zach\u0119ta&#8221;.<\/p>\n<p>Od dzi\u015b pod adresem innespojrzenie.wp.pl mo\u017cna licytowa\u0107 dzie\u0142a Paw\u0142a Althamera, Adama Myjaka, Miko\u0142aja Grynberga, Delfiny Krasickiej, czy Pauliny O\u0142owskiej oraz fotografie znanych artyst\u00f3w fotografik\u00f3w i student\u00f3w warszawskiej Akademii Fotografii.<\/p>\n<p>&#8222;Ta aukcja dobroczynna rozpoczyna si\u0119 nietypowo, bo w Internecie, zako\u0144czy si\u0119 za\u015b w \u015bwiecie realnym przynosz\u0105c, w co naprawd\u0119 g\u0142\u0119boko wierzymy, wiele rado\u015bci najubo\u017cszym dzieciom z warszawskiej Pragi &#8211; m\u00f3wi Joanna Pawlak, Dyrektor Pionu Marketingu i Sprzeda\u017cy Wirtualnej Polski &#8211; Dzi\u0119ki przyj\u0119tej formule, licytacji online, do wystawionych dzie\u0142 sztuki dotrze olbrzymie grono ludzi o wielkich sercach. Uruchomieniu witryny towarzyszy aktywna akcja promocyjna w Wirtualnej Polsce, WiKu, Rzeczpospolitej online i Allegro.pl. O randze wydarzenia niechaj \u015bwiadczy fakt, \u017ce artystyczn\u0105 opiek\u0119 nad nim obj\u0119\u0142a Galeria ,Zach\u0119ta&#8217; &#8221;<\/p>\n<p>U\u017cytkownicy aukcji maj\u0105 dost\u0119p do unikalnej galerii wystawianych na niej prac, powi\u0105zanej z prezentacj\u0105 sylwetek autor\u00f3w i ich tw\u00f3rczo\u015bci. Ekspozycji dzie\u0142 towarzysz\u0105  wypowiedzi krytyk\u00f3w oraz autorytet\u00f3w zwi\u0105zanych z partnerami tej nietuzinkowej licytacji. Ca\u0142o\u015bci dope\u0142niaj\u0105 okoliczno\u015bciowe artyku\u0142y i wizualizacje nt. Pragi, sylwetki mieszkaj\u0105cych tu dzieci, opiekun\u00f3w i os\u00f3b im pomagaj\u0105cych.<\/p>\n<p>Dla os\u00f3b pragn\u0105cych symbolicznie wesprze\u0107 cel akcji uruchomiona zosta\u0142a us\u0142uga SMS Premium, pozwalaj\u0105ca naby\u0107 wyj\u0105tkowe logo i tapety na telefon kom\u00f3rkowe zawieraj\u0105ce motywy z licytowanych dzie\u0142.<\/p>\n<p>Licytacja potrwa do ko\u0144ca stycznia. Uroczyste zako\u0144czenie i podsumowanie odb\u0119dzie si\u0119 na pocz\u0105tku lutego w praskim klubie M25 przy ul. Mi\u0144skiej 25. Tam te\u017c odb\u0119dzie si\u0119 tradycyjna aukcja kilku specjalnych dzie\u0142, kt\u00f3re nie b\u0119d\u0105 wystawiane w Internecie.<\/p>\n<p>Organizatorem aukcji jest Stowarzyszenie &#8222;Grupa Pedagogiki i Animacji Spo\u0142ecznej&#8221; (GPAS) przy wsp\u00f3\u0142pracy z Wirtualn\u0105 Polsk\u0105, Galileo i Allegro. Partnerzy medialni to: Warszawski Informator Kulturalny (AWR Wprost) i Rzeczpospolita on-line. Mecenat artystyczny sprawuje &#8222;Zach\u0119ta&#8221; Narodowa Galeria Sztuki.<\/p>\n","protected":false},"excerpt":{"rendered":"Na stronach Wirtualnej Polski odbywa si\u0119 wielka aukcja dzie\u0142 sztuki wsp\u00f3\u0142czesnej, z kt\u00f3rej doch\u00f3d przeznaczony zostanie na wsparcie realizacji projekt\u00f3w edukacyjnych i wychowawczych realizowanych przez Grup\u0119 Pedagogiki i Animacji Spo\u0142ecznej Warszawa Praga P\u00f3\u0142noc.","protected":false},"author":1,"featured_media":0,"comment_status":"open","ping_status":"closed","sticky":false,"template":"","format":"standard","meta":{"csco_display_header_overlay":false,"csco_singular_sidebar":"","csco_page_header_type":"","csco_page_load_nextpost":"","csco_post_video_location":[],"csco_post_video_location_hash":"","csco_post_video_url":"","csco_post_video_bg_start_time":0,"csco_post_video_bg_end_time":0,"footnotes":""},"categories":[9676],"tags":[],"class_list":{"0":"post-83629","1":"post","2":"type-post","3":"status-publish","4":"format-standard","6":"category-internet","7":"cs-entry","8":"cs-video-wrap"},"_links":{"self":[{"href":"https:\/\/mediarun.com\/pl\/wp-json\/wp\/v2\/posts\/83629","targetHints":{"allow":["GET"]}}],"collection":[{"href":"https:\/\/mediarun.com\/pl\/wp-json\/wp\/v2\/posts"}],"about":[{"href":"https:\/\/mediarun.com\/pl\/wp-json\/wp\/v2\/types\/post"}],"author":[{"embeddable":true,"href":"https:\/\/mediarun.com\/pl\/wp-json\/wp\/v2\/users\/1"}],"replies":[{"embeddable":true,"href":"https:\/\/mediarun.com\/pl\/wp-json\/wp\/v2\/comments?post=83629"}],"version-history":[{"count":0,"href":"https:\/\/mediarun.com\/pl\/wp-json\/wp\/v2\/posts\/83629\/revisions"}],"wp:attachment":[{"href":"https:\/\/mediarun.com\/pl\/wp-json\/wp\/v2\/media?parent=83629"}],"wp:term":[{"taxonomy":"category","embeddable":true,"href":"https:\/\/mediarun.com\/pl\/wp-json\/wp\/v2\/categories?post=83629"},{"taxonomy":"post_tag","embeddable":true,"href":"https:\/\/mediarun.com\/pl\/wp-json\/wp\/v2\/tags?post=83629"}],"curies":[{"name":"wp","href":"https:\/\/api.w.org\/{rel}","templated":true}]}}