{"id":83620,"date":"2005-12-15T02:51:09","date_gmt":"2005-12-15T01:51:09","guid":{"rendered":"https:\/\/mediarun.com\/index.php\/news-posts\/porozumienie-w-sprawie-festiwalu-dwa-teatry\/"},"modified":"2005-12-15T02:51:09","modified_gmt":"2005-12-15T01:51:09","slug":"porozumienie-w-sprawie-festiwalu-dwa-teatry","status":"publish","type":"post","link":"https:\/\/mediarun.com\/pl\/media\/tv\/porozumienie-w-sprawie-festiwalu-dwa-teatry.html","title":{"rendered":"Porozumienie w sprawie festiwalu Dwa Teatry"},"content":{"rendered":"<p> Umowa okre\u015bla ramowe zasady wsp\u00f3\u0142pracy Telewizji Polskiej S.A., Polskiego Radia SA, Samorz\u0105du Wojew\u00f3dztwa Pomorskiego i Gminy Miasta Sopotu, przy organizacji kolejnych edycji Festiwalu Teatru Polskiego Radia i Teatru TV, odbywaj\u0105cego si\u0119 corocznie w Sopocie w pierwszej po\u0142owie czerwca. Porozumienie podpisano na 3 lata.<\/p>\n<p>Telewizja Polska reprezentowana by\u0142a przez Prezesa Zarz\u0105du Jana Dworaka, Polskie Radio reprezentowa\u0142 Prezes Zarz\u0105du Andrzej Siezieniewski, natomiast w imieniu Wojew\u00f3dztwa Pomorskiego umow\u0119 podpisa\u0142 Wicemarsza\u0142ek Mieczys\u0142aw Struk, a w imieniu Miasta Sopotu &#8211; Wiceprezydent Wojciech Fu\u0142ek.<\/p>\n<p>Strony porozumienia zadeklarowa\u0142y ch\u0119\u0107 wsp\u00f3\u0142pracy w zakresie stworzenia niezb\u0119dnych warunk\u00f3w organizacyjno-finansowych oraz systemu koordynacji i nadzoru nad organizacj\u0105 Festiwalu. Za\u0142o\u017cenia programowe, organizacyjne i finansowe Festiwalu ustala\u0107 b\u0119dzie powo\u0142ywany corocznie Komitet Organizacyjny.<\/p>\n<p>Producentem Festiwali b\u0119dzie Oddzia\u0142 Telewizji Polskiej S.A. w Gda\u0144sku.<\/p>\n<p>Festiwal Teatru Polskiego Radia i Teatru Telewizji Polskiej &#8222;Dwa Teatry&#8221; w Sopocie jest imprez\u0105 obejmuj\u0105c\u0105 konkurs s\u0142uchowisk Polskiego Radia oraz konkurs spektakli Teatru Telewizji Polskiej. Pierwsza edycja Festiwalu odby\u0142a si\u0119 w 2001 r. Festiwal jest promocj\u0105 wysokiej kultury.<\/p>\n<p>Opraw\u0119 Festiwalu tworz\u0105 dyskusje panelowe, przedstawienia pozakonkursowe, spotkania z gwiazdami teatru i kursy mistrzowskie. Z roku na rok formu\u0142a Festiwalu rozszerza si\u0119. Festiwal sta\u0142 si\u0119 wa\u017cnym wydarzeniem kulturalnym, jest odwiedzany i wspierany przez najwi\u0119kszego formatu gwiazdy sceny aktorskiej, wybitnych re\u017cyser\u00f3w i najwy\u017cszej klasy tw\u00f3rc\u00f3w radiowych i telewizyjnych.<\/p>\n<p>Owocna wsp\u00f3\u0142praca dw\u00f3ch najwi\u0119kszych medi\u00f3w w Polsce, maj\u0105cych ogromne zas\u0142ugi dla polskiej kultury, przek\u0142ada si\u0119 na coraz wy\u017cszy poziom zg\u0142aszanych do konkursu s\u0142uchowisk i spektakli. W 2006 roku odb\u0119dzie si\u0119 VI edycja Festiwalu. <\/p>\n","protected":false},"excerpt":{"rendered":"14 grudnia 2005 r. podpisano porozumienie w sprawie zasad wsp\u00f3\u0142pracy przy organizacji Festiwalu Teatru Polskiego Radia i Teatru Telewizji Polskiej &#8222;Dwa Teatry&#8221;.","protected":false},"author":1,"featured_media":0,"comment_status":"open","ping_status":"closed","sticky":false,"template":"","format":"standard","meta":{"csco_display_header_overlay":false,"csco_singular_sidebar":"","csco_page_header_type":"","csco_page_load_nextpost":"","csco_post_video_location":[],"csco_post_video_location_hash":"","csco_post_video_url":"","csco_post_video_bg_start_time":0,"csco_post_video_bg_end_time":0,"footnotes":""},"categories":[9670],"tags":[],"class_list":{"0":"post-83620","1":"post","2":"type-post","3":"status-publish","4":"format-standard","6":"category-tv","7":"cs-entry","8":"cs-video-wrap"},"_links":{"self":[{"href":"https:\/\/mediarun.com\/pl\/wp-json\/wp\/v2\/posts\/83620","targetHints":{"allow":["GET"]}}],"collection":[{"href":"https:\/\/mediarun.com\/pl\/wp-json\/wp\/v2\/posts"}],"about":[{"href":"https:\/\/mediarun.com\/pl\/wp-json\/wp\/v2\/types\/post"}],"author":[{"embeddable":true,"href":"https:\/\/mediarun.com\/pl\/wp-json\/wp\/v2\/users\/1"}],"replies":[{"embeddable":true,"href":"https:\/\/mediarun.com\/pl\/wp-json\/wp\/v2\/comments?post=83620"}],"version-history":[{"count":0,"href":"https:\/\/mediarun.com\/pl\/wp-json\/wp\/v2\/posts\/83620\/revisions"}],"wp:attachment":[{"href":"https:\/\/mediarun.com\/pl\/wp-json\/wp\/v2\/media?parent=83620"}],"wp:term":[{"taxonomy":"category","embeddable":true,"href":"https:\/\/mediarun.com\/pl\/wp-json\/wp\/v2\/categories?post=83620"},{"taxonomy":"post_tag","embeddable":true,"href":"https:\/\/mediarun.com\/pl\/wp-json\/wp\/v2\/tags?post=83620"}],"curies":[{"name":"wp","href":"https:\/\/api.w.org\/{rel}","templated":true}]}}