{"id":83592,"date":"2005-12-15T06:00:00","date_gmt":"2005-12-15T05:00:00","guid":{"rendered":"https:\/\/mediarun.com\/index.php\/news-posts\/v-ce-miss-polski-z-dlaczego\/"},"modified":"2005-12-15T06:00:00","modified_gmt":"2005-12-15T05:00:00","slug":"v-ce-miss-polski-z-dlaczego","status":"publish","type":"post","link":"https:\/\/mediarun.com\/pl\/wydarzenia\/v-ce-miss-polski-z-dlaczego.html","title":{"rendered":"V-ce Miss Polski z Dlaczego"},"content":{"rendered":"<p><P>&#8211; Studentka Roku uzyska\u0142a w\u0142a\u015bnie presti\u017cowy tytu\u0142 w konkursie Miss Polski. <\/P><br \/>\n<P>21-letnia Sylwia Wro\u0144ska jest studentk\u0105 psychologii w Wy\u017cszej Szkole Finans\u00f3w i Zarz\u0105dzania w Warszawie. Opr\u00f3cz tego&nbsp;&#8211; zawodow\u0105 modelk\u0105. Pojawia\u0142a si\u0119 m.in. na wybiegach Pary\u017ca, pracuj\u0105c tam dla francuskiej agencji modelek. Z powodzeniem bra\u0142a udzia\u0142 w licznych konkursach pi\u0119kno\u015bci. Zosta\u0142a Dziewczyn\u0105 \u017byrardowa, Dziewczyn\u0105 Mazowsza&nbsp;&#8211; wreszcie Dziewczyn\u0105 Polski 2002. W tym roku za\u015b dosz\u0142a do fina\u0142u konkursu Miss Polonia, a opr\u00f3cz tego&nbsp;&#8211; dzi\u0119ki g\u0142osom czytelnik\u00f3w naszego magazynu&nbsp;&#8211; zosta\u0142a Studentk\u0105 Roku Dlaczego. St\u0105d droga wiod\u0142a ju\u017c do fina\u0142u konkursu Miss Polski, w kt\u00f3rym Sylwia uzyska\u0142a tytu\u0142 IV V-ce Miss. <\/P><br \/>\n<P>Sukces Sylwii dla wielu innych pi\u0119knych studentek mo\u017ce by\u0107 nie lada zach\u0119t\u0105 do p\u00f3j\u015bcia w jej \u015blady. Tak\u0105 szans\u0119 daje im rozpoczynaj\u0105ca si\u0119 w\u0142a\u015bnie nowa edycja plebiscytu &#8222;Studentka Roku&#8221; . <\/P><br \/>\n<P>W grudniowym numerze magazynu Dlaczego znajduje si\u0119 pierwszy kupon konkursowy. Dziewczyny, kt\u00f3re go prze\u015bl\u0105, mog\u0105 wzi\u0105\u0107 udzia\u0142 w profesjonalnej sesji zdj\u0119ciowej opublikowanej w magazynie Dlaczego i zdoby\u0107 tytu\u0142 Studentki Miesi\u0105ca. Spo\u015br\u00f3d finalistek czytelnicy magazynu wybior\u0105 za\u015b Studentk\u0119 Roku, kt\u00f3ra w nagrod\u0119 za zwyci\u0119stwo we\u017amie udzia\u0142 w wyborach Miss Polski, a tym samym otrzyma szans\u0119 na wielk\u0105 karier\u0119. <\/P><\/p>\n","protected":false},"excerpt":{"rendered":"Polscy studenci maj\u0105 niew\u0105tpliwie dobry gust. Wybrana przez nich &#8211; w plebiscycie organizowanym przez magazyn Dlaczego&#8230;","protected":false},"author":1,"featured_media":83593,"comment_status":"open","ping_status":"closed","sticky":false,"template":"","format":"standard","meta":{"csco_display_header_overlay":false,"csco_singular_sidebar":"","csco_page_header_type":"","csco_page_load_nextpost":"","csco_post_video_location":[],"csco_post_video_location_hash":"","csco_post_video_url":"","csco_post_video_bg_start_time":0,"csco_post_video_bg_end_time":0,"footnotes":""},"categories":[46],"tags":[],"class_list":{"0":"post-83592","1":"post","2":"type-post","3":"status-publish","4":"format-standard","5":"has-post-thumbnail","7":"category-wydarzenia","8":"cs-entry","9":"cs-video-wrap"},"_links":{"self":[{"href":"https:\/\/mediarun.com\/pl\/wp-json\/wp\/v2\/posts\/83592","targetHints":{"allow":["GET"]}}],"collection":[{"href":"https:\/\/mediarun.com\/pl\/wp-json\/wp\/v2\/posts"}],"about":[{"href":"https:\/\/mediarun.com\/pl\/wp-json\/wp\/v2\/types\/post"}],"author":[{"embeddable":true,"href":"https:\/\/mediarun.com\/pl\/wp-json\/wp\/v2\/users\/1"}],"replies":[{"embeddable":true,"href":"https:\/\/mediarun.com\/pl\/wp-json\/wp\/v2\/comments?post=83592"}],"version-history":[{"count":0,"href":"https:\/\/mediarun.com\/pl\/wp-json\/wp\/v2\/posts\/83592\/revisions"}],"wp:featuredmedia":[{"embeddable":true,"href":"https:\/\/mediarun.com\/pl\/wp-json\/wp\/v2\/media\/83593"}],"wp:attachment":[{"href":"https:\/\/mediarun.com\/pl\/wp-json\/wp\/v2\/media?parent=83592"}],"wp:term":[{"taxonomy":"category","embeddable":true,"href":"https:\/\/mediarun.com\/pl\/wp-json\/wp\/v2\/categories?post=83592"},{"taxonomy":"post_tag","embeddable":true,"href":"https:\/\/mediarun.com\/pl\/wp-json\/wp\/v2\/tags?post=83592"}],"curies":[{"name":"wp","href":"https:\/\/api.w.org\/{rel}","templated":true}]}}