{"id":83585,"date":"2005-12-15T11:15:59","date_gmt":"2005-12-15T10:15:59","guid":{"rendered":"https:\/\/mediarun.com\/index.php\/news-posts\/podkanski-honorowym-prezesem\/"},"modified":"2005-12-15T11:15:59","modified_gmt":"2005-12-15T10:15:59","slug":"podkanski-honorowym-prezesem","status":"publish","type":"post","link":"https:\/\/mediarun.com\/pl\/media\/prasa\/podkanski-honorowym-prezesem.html","title":{"rendered":"Podka\u0144ski honorowym prezesem"},"content":{"rendered":"<p>Wies\u0142aw Podka\u0144ski jest Prezesem Axel Springer Polska od 1994 r., to jest od pocz\u0105tku istnienia wydawnictwa w Polsce. Pod jego kierownictwem Springer wprowadzi\u0142 na rynek kilkadziesi\u0105t magazyn\u00f3w i sta\u0142 si\u0119 drugim najwi\u0119kszym wydawnictwem w segmencie czasopism. Od 2003 r. Axel Springer Polska wydaje r\u00f3wnie\u017c dziennik FAKT, b\u0119d\u0105cy najwi\u0119ksz\u0105 gazet\u0105 w Polsce.<\/p>\n<p>Prezes Podka\u0144ski w znacznym stopniu przyczyni\u0142 si\u0119 do wyj\u0105tkowego sukcesu Axel Springer Polsce. Ciesz\u0119 si\u0119, \u017ce pan Podka\u0144ski pozostanie we w\u0142adzach sp\u00f3\u0142ki i b\u0119dzie dalej pracowa\u0142 dla wydawnictwa. W panu Felsie znale\u017ali\u015bmy nast\u0119pc\u0119, kt\u00f3ry b\u0119dzie kontunyowa\u0142 dynamiczny rozw\u00f3j wydawnictwa. &#8211; powiedzia\u0142 Andreas Wiele, Cz\u0142onek Zarz\u0105du koncernu Axel Springer AG.<\/p>\n<p>Na stanowisko Prezesa Zarz\u0105du wydawnictwa zostanie powo\u0142any pan Florian Fels, dotychczasowy Wiceprezes Zarz\u0105du, od 2004 r. odpowiedzialny za ca\u0142\u0105 dzia\u0142alno\u015b\u0107 operacyjn\u0105 wydawnictwa.<\/p>\n<p>Florian Fels jest od 1993 r. zwi\u0105zany z Axel Springer AG, za\u015b od 1999 r. &#8211; z Axel Springer Polska w randze Dyrektora Generalnego. Od 2001 r. jest Cz\u0142onkiem Zarz\u0105du wydawnictwa.<\/p>\n","protected":false},"excerpt":{"rendered":"Z dniem 1 stycznia 2006 r. pan Wies\u0142aw Podka\u0144ski, Prezes Zarz\u0105du Axel Springer Polska, obejmie funkcj\u0119 Honorowego Prezesa wydawnictwa.  W dalszym ci\u0105gu b\u0119dzie &#8211; jako prokurent &#8211; reprezentowa\u0142 Axel Springer Polska w organizacjach bran\u017cowych, w tym w Izbie Wydawc\u00f3w Prasy, a tak\u017ce doradza\u0142 w kwestiach strategicznych Zarz\u0105dowi Sp\u00f3\u0142ki.","protected":false},"author":1,"featured_media":83586,"comment_status":"open","ping_status":"closed","sticky":false,"template":"","format":"standard","meta":{"csco_display_header_overlay":false,"csco_singular_sidebar":"","csco_page_header_type":"","csco_page_load_nextpost":"","csco_post_video_location":[],"csco_post_video_location_hash":"","csco_post_video_url":"","csco_post_video_bg_start_time":0,"csco_post_video_bg_end_time":0,"footnotes":""},"categories":[9673],"tags":[],"class_list":{"0":"post-83585","1":"post","2":"type-post","3":"status-publish","4":"format-standard","5":"has-post-thumbnail","7":"category-prasa","8":"cs-entry","9":"cs-video-wrap"},"_links":{"self":[{"href":"https:\/\/mediarun.com\/pl\/wp-json\/wp\/v2\/posts\/83585","targetHints":{"allow":["GET"]}}],"collection":[{"href":"https:\/\/mediarun.com\/pl\/wp-json\/wp\/v2\/posts"}],"about":[{"href":"https:\/\/mediarun.com\/pl\/wp-json\/wp\/v2\/types\/post"}],"author":[{"embeddable":true,"href":"https:\/\/mediarun.com\/pl\/wp-json\/wp\/v2\/users\/1"}],"replies":[{"embeddable":true,"href":"https:\/\/mediarun.com\/pl\/wp-json\/wp\/v2\/comments?post=83585"}],"version-history":[{"count":0,"href":"https:\/\/mediarun.com\/pl\/wp-json\/wp\/v2\/posts\/83585\/revisions"}],"wp:featuredmedia":[{"embeddable":true,"href":"https:\/\/mediarun.com\/pl\/wp-json\/wp\/v2\/media\/83586"}],"wp:attachment":[{"href":"https:\/\/mediarun.com\/pl\/wp-json\/wp\/v2\/media?parent=83585"}],"wp:term":[{"taxonomy":"category","embeddable":true,"href":"https:\/\/mediarun.com\/pl\/wp-json\/wp\/v2\/categories?post=83585"},{"taxonomy":"post_tag","embeddable":true,"href":"https:\/\/mediarun.com\/pl\/wp-json\/wp\/v2\/tags?post=83585"}],"curies":[{"name":"wp","href":"https:\/\/api.w.org\/{rel}","templated":true}]}}