{"id":83583,"date":"2005-12-15T11:45:10","date_gmt":"2005-12-15T10:45:10","guid":{"rendered":"https:\/\/mediarun.com\/index.php\/news-posts\/tvp-kultura-w-sieci-aster\/"},"modified":"2005-12-15T11:45:10","modified_gmt":"2005-12-15T10:45:10","slug":"tvp-kultura-w-sieci-aster","status":"publish","type":"post","link":"https:\/\/mediarun.com\/pl\/media\/tv\/tvp-kultura-w-sieci-aster.html","title":{"rendered":"TVP Kultura w sieci Aster"},"content":{"rendered":"<p>TVP Kultura to kana\u0142 tematyczny telewizji publicznej wyspecjalizowany w tematyce kulturalnej z ambicj\u0105 wsp\u00f3\u0142kreowania wydarze\u0144 i dzie\u0142 kultury na najwy\u017cszym artystycznym poziomie. <\/p>\n<p>Podstaw\u0119 programu stanowi\u0105 nowe i archiwalne materia\u0142y zakupione przez Telewizj\u0119 Polsk\u0105. Produkcja w\u0142asna kana\u0142u to przede wszystkim codzienne informacje kulturalne, realizowane w studio rozmowy, a tak\u017ce oprawa graficzna. Program prowadzony jest przez wybitnych specjalist\u00f3w w poszczeg\u00f3lnych dziedzinach sztuki, jakim po\u015bwi\u0119cony jest dany dzie\u0144. <\/p>\n<p>Cieszymy si\u0119, i\u017c abonenci pakietu Basic w Warszawie i Krakowie ju\u017c od pi\u0105tku b\u0119d\u0105 mogli ogl\u0105da\u0107 TVP Kultura i poszerz\u0105 grono odbiorc\u00f3w tego kana\u0142u w naszej sieci. Bardzo zale\u017ca\u0142o nam na tym, aby oferta TVP Kultura by\u0142a dost\u0119pna dla nich jeszcze przed \u015awi\u0119tami Bo\u017cego Narodzenia. My\u015bl\u0119, \u017ce udost\u0119pnienie go tak licznej grupie abonent\u00f3w ASTER umo\u017cliwi wielu osobom aktywne i \u015bwiadome uczestnictwo w \u017cyciu kulturalnym  &#8211; powiedzia\u0142a Joanna Pasynkiewicz, Wiceprezes, Dyrektor Marketingu i Sprzeda\u017cy ASTER.<\/p>\n<p>W dni powszednie program emitowany jest w godzinach od 13:00 do 1:00 a w weekendy od 9:00 do 1:00.<br \/>\nW grudniu br. abonenci telewizji kablowej (pakiet Basic) oraz telewizji cyfrowej ASTER w Warszawie i Krakowie b\u0119d\u0105 mogli zobaczy\u0107 wiele ciekawych program\u00f3w proponowanych przez TVP Kultura, w tym m.in.: Koncerty Davida Bowie, Kurta Ellinga i Leszka Mo\u017cd\u017cera. Dzie\u0144 polskich prapremier filmowych. Teatr &#8222;na \u017cywo&#8221;, czyli transmisj\u0119 wroc\u0142awskiego musicalu &#8222;Scat&#8221;. Wigili\u0119 z Rafa\u0142em Blechaczem, laureatem tegorocznego konkursu chopinowskiego, a tak\u017ce Cinema Paradiso, film Giuseppe Tornatore, kt\u00f3ry zdoby\u0142 wiele nagr\u00f3d na najwa\u017cniejszych mi\u0119dzynarodowych festiwalach. Dodatkowo unikalne dokumenty, gor\u0105ce debaty, artystyczne eksperymenty i naj\u015bwie\u017csze wiadomo\u015bci ze \u015bwiata kultury i  nauki.<\/p>\n<p>TVP Kultura b\u0119dzie nadawany w Warszawie na kanale C21 (471,25 MHZ), za\u015b w Krakowie na kanale S23 (343,25 MHZ).<\/p>\n","protected":false},"excerpt":{"rendered":"Ju\u017c od pi\u0105tku 16 grudnia 2005 r. abonenci pakietu Basic ASTER w Warszawie i Krakowie b\u0119d\u0105 mogli ogl\u0105da\u0107 pierwszy kana\u0142 tematyczny Telewizji Publicznej, TVP Kultura. ASTER jest pierwszym operatorem, kt\u00f3ry wprowadzi\u0142 TVP Kultura, najpierw do oferty telewizji cyfrowej, a obecnie telewizji kablowej.","protected":false},"author":1,"featured_media":83584,"comment_status":"open","ping_status":"closed","sticky":false,"template":"","format":"standard","meta":{"csco_display_header_overlay":false,"csco_singular_sidebar":"","csco_page_header_type":"","csco_page_load_nextpost":"","csco_post_video_location":[],"csco_post_video_location_hash":"","csco_post_video_url":"","csco_post_video_bg_start_time":0,"csco_post_video_bg_end_time":0,"footnotes":""},"categories":[9670],"tags":[],"class_list":{"0":"post-83583","1":"post","2":"type-post","3":"status-publish","4":"format-standard","5":"has-post-thumbnail","7":"category-tv","8":"cs-entry","9":"cs-video-wrap"},"_links":{"self":[{"href":"https:\/\/mediarun.com\/pl\/wp-json\/wp\/v2\/posts\/83583","targetHints":{"allow":["GET"]}}],"collection":[{"href":"https:\/\/mediarun.com\/pl\/wp-json\/wp\/v2\/posts"}],"about":[{"href":"https:\/\/mediarun.com\/pl\/wp-json\/wp\/v2\/types\/post"}],"author":[{"embeddable":true,"href":"https:\/\/mediarun.com\/pl\/wp-json\/wp\/v2\/users\/1"}],"replies":[{"embeddable":true,"href":"https:\/\/mediarun.com\/pl\/wp-json\/wp\/v2\/comments?post=83583"}],"version-history":[{"count":0,"href":"https:\/\/mediarun.com\/pl\/wp-json\/wp\/v2\/posts\/83583\/revisions"}],"wp:featuredmedia":[{"embeddable":true,"href":"https:\/\/mediarun.com\/pl\/wp-json\/wp\/v2\/media\/83584"}],"wp:attachment":[{"href":"https:\/\/mediarun.com\/pl\/wp-json\/wp\/v2\/media?parent=83583"}],"wp:term":[{"taxonomy":"category","embeddable":true,"href":"https:\/\/mediarun.com\/pl\/wp-json\/wp\/v2\/categories?post=83583"},{"taxonomy":"post_tag","embeddable":true,"href":"https:\/\/mediarun.com\/pl\/wp-json\/wp\/v2\/tags?post=83583"}],"curies":[{"name":"wp","href":"https:\/\/api.w.org\/{rel}","templated":true}]}}