{"id":83579,"date":"2005-12-15T12:11:24","date_gmt":"2005-12-15T11:11:24","guid":{"rendered":"https:\/\/mediarun.com\/index.php\/news-posts\/biora-sie-za-dziennikarzy\/"},"modified":"2005-12-15T12:11:24","modified_gmt":"2005-12-15T11:11:24","slug":"biora-sie-za-dziennikarzy","status":"publish","type":"post","link":"https:\/\/mediarun.com\/pl\/media\/prasa\/biora-sie-za-dziennikarzy.html","title":{"rendered":"Bior\u0105 si\u0119 za dziennikarzy"},"content":{"rendered":"<p> &#8211; Na moje biurko 6 grudnia trafi\u0142a notatka m\u00f3wi\u0105ca, \u017ce w 1999 r. jeden z krakowskich prokurator\u00f3w mia\u0142 rzekomo przyj\u0105\u0107 korzy\u015b\u0107 maj\u0105tkow\u0105. Natychmiast kaza\u0142em wszcz\u0105\u0107 \u015bledztwo. Prokuratura krakowska nie mog\u0142a go prowadzi\u0107, gdy\u017c sprawa dotyczy jednego z jej prokurator\u00f3w. Dlatego zaj\u0119\u0142a si\u0119 nim prokuratura katowicka pod osobistym nadzorem Janusza Kaczmarka, prokuratora krajowego &#8211; powiedzia\u0142 wczoraj &#8222;Rz&#8221; Zbigniew Ziobro.<\/p>\n<p>Jednak z ustale\u0144 &#8222;Rz&#8221; wynika, \u017ce rzeczywisty nadz\u00f3r nad tym \u015bledztwem sprawuje zast\u0119pca dyrektora Wydzia\u0142u ds. Przest\u0119pczo\u015bci Zorganizowanej w Prokuraturze Krajowej Bogus\u0142aw \u015awi\u0119czkowski. Cztery lata temu ws\u0142awi\u0142 si\u0119 nadzorowaniem \u015bledztwa wymierzonego w dziennikarzy &#8222;Rz&#8221;. Chcia\u0142 postawi\u0107 ich przed s\u0105dem za rzekomy spisek przeciwko Lechowi Kaczy\u0144skiemu, \u00f3wczesnemu ministrowi sprawiedliwo\u015bci. Ziobro by\u0142 wtedy wiceszefem resortu.<\/p>\n<p>Nie uda\u0142o nam si\u0119 wczoraj skontaktowa\u0107 ze \u015awi\u0119czkowskim. Prokurator krajowy Janusz Kaczmarek nie chcia\u0142 skomentowa\u0107 naszych informacji. &#8211; Faktycznie sprawuj\u0119 nadz\u00f3r nad tym \u015bledztwem &#8211; powiedzia\u0142 tylko.<\/p>\n<p>&#8211; \u015aledztwo dotyczy rzekomej korupcji nowo mianowanego przez Ziobr\u0119 szefa krakowskiej prokuratury okr\u0119gowej Wac\u0142awa Wiechniaka. W dniu jego nominacji jeden z koleg\u00f3w doni\u00f3s\u0142 o rzekomej korupcji nowego szefa. Minister Ziobro uzna\u0142, \u017ce to prowokacja krakowskich prokurator\u00f3w, powi\u0105zanych z Wassermannem. Na jego polecenie \u015bledztwo w tej sprawie wszcz\u0119\u0142a katowicka prokuratura. Tymczasem do dziennikarzy &#8222;Rz&#8221; dotar\u0142y niepokoj\u0105ce sygna\u0142y, \u017ce zamieni\u0142o si\u0119 ono w polowanie na dziennikarzy i ich informator\u00f3w. \u015aledczy zamiast wyja\u015bnia\u0107 okoliczno\u015bci sprawy, zacz\u0119li sprawdza\u0107, kt\u00f3ry z krakowskich oskar\u017cycieli rozmawia\u0142 z dziennikarzami o Wiechniaku. Wed\u0142ug naszych informacji zamierzali nawet sprawdzi\u0107 billingi telefon\u00f3w prokurator\u00f3w, kt\u00f3rzy wiedzieli o tej sprawie.  &#8211; donosi &#8222;Rzeczpospolita&#8221;<\/p>\n","protected":false},"excerpt":{"rendered":"Minister sprawiedliwo\u015bci potwierdza informacj\u0119 &#8222;Rz&#8221; o \u015bledztwie w sprawie rzekomej korupcji krakowskiego prokuratora okr\u0119gowego &#8211; pisze &#8222;Rzeczpospolita&#8221;","protected":false},"author":1,"featured_media":0,"comment_status":"open","ping_status":"closed","sticky":false,"template":"","format":"standard","meta":{"csco_display_header_overlay":false,"csco_singular_sidebar":"","csco_page_header_type":"","csco_page_load_nextpost":"","csco_post_video_location":[],"csco_post_video_location_hash":"","csco_post_video_url":"","csco_post_video_bg_start_time":0,"csco_post_video_bg_end_time":0,"footnotes":""},"categories":[9673],"tags":[],"class_list":{"0":"post-83579","1":"post","2":"type-post","3":"status-publish","4":"format-standard","6":"category-prasa","7":"cs-entry","8":"cs-video-wrap"},"_links":{"self":[{"href":"https:\/\/mediarun.com\/pl\/wp-json\/wp\/v2\/posts\/83579","targetHints":{"allow":["GET"]}}],"collection":[{"href":"https:\/\/mediarun.com\/pl\/wp-json\/wp\/v2\/posts"}],"about":[{"href":"https:\/\/mediarun.com\/pl\/wp-json\/wp\/v2\/types\/post"}],"author":[{"embeddable":true,"href":"https:\/\/mediarun.com\/pl\/wp-json\/wp\/v2\/users\/1"}],"replies":[{"embeddable":true,"href":"https:\/\/mediarun.com\/pl\/wp-json\/wp\/v2\/comments?post=83579"}],"version-history":[{"count":0,"href":"https:\/\/mediarun.com\/pl\/wp-json\/wp\/v2\/posts\/83579\/revisions"}],"wp:attachment":[{"href":"https:\/\/mediarun.com\/pl\/wp-json\/wp\/v2\/media?parent=83579"}],"wp:term":[{"taxonomy":"category","embeddable":true,"href":"https:\/\/mediarun.com\/pl\/wp-json\/wp\/v2\/categories?post=83579"},{"taxonomy":"post_tag","embeddable":true,"href":"https:\/\/mediarun.com\/pl\/wp-json\/wp\/v2\/tags?post=83579"}],"curies":[{"name":"wp","href":"https:\/\/api.w.org\/{rel}","templated":true}]}}