{"id":83569,"date":"2005-12-15T13:16:28","date_gmt":"2005-12-15T12:16:28","guid":{"rendered":"https:\/\/mediarun.com\/index.php\/news-posts\/w-styczniu-dowiemy-sie-kto-pokaze-mundial\/"},"modified":"2005-12-15T13:16:28","modified_gmt":"2005-12-15T12:16:28","slug":"w-styczniu-dowiemy-sie-kto-pokaze-mundial","status":"publish","type":"post","link":"https:\/\/mediarun.com\/pl\/media\/tv\/w-styczniu-dowiemy-sie-kto-pokaze-mundial.html","title":{"rendered":"W styczniu dowiemy si\u0119, kto poka\u017ce mundial"},"content":{"rendered":"<p>&#8222;Wedle nieoficjalnych informacji r\u00f3\u017cnica kszta\u0142tuje si\u0119 na poziomie 2 mln euro (lnfront \u017c\u0105da 18 mln, polskie stacje daj\u0105 16mln)&#8230; Polscy negocjatorzy liczyli podobno na to, \u017ce po losowaniu cena spadnie. Niemcy, Kostaryka, Ekwador &#8211; specjali\u015bci twierdz\u0105, \u017ce maj\u0105c tak\u0105 grup\u0119 mo\u017cna urwa\u0107 jeszcze ze sto\u0142u oko\u0142o milion euro. Wygi\u0105da wi\u0119c nato, \u017ce ostatecznie prawa TV b\u0119d\u0105 kosztowa\u0142y 17 mln euro.&#8221; &#8211; czytamy w &#8222;Sporcie&#8221;<\/p>\n<p>Jeste\u015bmy jedynym krajem, kt\u00f3ry nie ma jeszcze rozwi\u0105zanej tej sprawy. Je\u017celi nie dojdzie do finalizacji rozm\u00f3w przed 9 marca, do akcji wkrocz\u0105 dzia\u0142acze FIFA! &#8211; To prawda &#8211; m\u00f3wi szef sportu w Polsacie, Marian Kmita. &#8211; Ale jestem przekonany, \u017ce w ko\u0144cu osi\u0105gniemy rozstrzygni\u0119cie.<\/p>\n<p>&#8211;  Dobrze zorientowani twierdz\u0105, \u017ce rzeczywi\u015bcie w styczniu zostanie podpisana umowa. Rozbie\u017cno\u015bci finansowe nie s\u0105 ju\u017c tak du\u017ce. Najprawdopodobniej dojdzie do po\u0142\u0105czenia sit Polsatu i TVP W telewizji publicznej b\u0119dziemy ogl\u0105da\u0107 pojedynki Polak\u00f3w, mecz otwarcia, p\u00f3\u0142fina\u0142y i fina\u0142, a reszt\u0105 spotka\u0144 obie stacje si\u0119 podziel\u0105. Na koniec negocjacji czekaj\u0105 r\u00f3wnie\u017c niecierpliwie w Polskim Radiu! Dopiero po podpisaniu umowy z telewizj\u0105 lnfront rozpocznie rozmowy ze stacjami radiowymi. Wydaje si\u0119, \u017ce tylko Polskie Radio b\u0119dzie zainteresowane wykupem praw. &#8211; donosi &#8222;Sport&#8221;<\/p>\n","protected":false},"excerpt":{"rendered":"Je\u017celi do 9 marca nie zapadnie ostateczna decyzja, do akcji wkroczy FIFA. Umowa w styczniu? Nadal nie znamy nazwy telewizji, kt\u00f3ra poka\u017ce przysz\u0142oroczne mistrzostwa \u015bwiata w pi\u0142ce no\u017cnej. Jak ju\u017c wielokrotnie informowali\u015bmy, Polsat i Telewizja Polska nie mog\u0105 si\u0119 porozumie\u0107 co do ceny z lnfrontem (w\u0142a\u015bciciel praw). &#8211; informuje &#8222;Sport&#8221;","protected":false},"author":1,"featured_media":83570,"comment_status":"open","ping_status":"closed","sticky":false,"template":"","format":"standard","meta":{"csco_display_header_overlay":false,"csco_singular_sidebar":"","csco_page_header_type":"","csco_page_load_nextpost":"","csco_post_video_location":[],"csco_post_video_location_hash":"","csco_post_video_url":"","csco_post_video_bg_start_time":0,"csco_post_video_bg_end_time":0,"footnotes":""},"categories":[9670],"tags":[],"class_list":{"0":"post-83569","1":"post","2":"type-post","3":"status-publish","4":"format-standard","5":"has-post-thumbnail","7":"category-tv","8":"cs-entry","9":"cs-video-wrap"},"_links":{"self":[{"href":"https:\/\/mediarun.com\/pl\/wp-json\/wp\/v2\/posts\/83569","targetHints":{"allow":["GET"]}}],"collection":[{"href":"https:\/\/mediarun.com\/pl\/wp-json\/wp\/v2\/posts"}],"about":[{"href":"https:\/\/mediarun.com\/pl\/wp-json\/wp\/v2\/types\/post"}],"author":[{"embeddable":true,"href":"https:\/\/mediarun.com\/pl\/wp-json\/wp\/v2\/users\/1"}],"replies":[{"embeddable":true,"href":"https:\/\/mediarun.com\/pl\/wp-json\/wp\/v2\/comments?post=83569"}],"version-history":[{"count":0,"href":"https:\/\/mediarun.com\/pl\/wp-json\/wp\/v2\/posts\/83569\/revisions"}],"wp:featuredmedia":[{"embeddable":true,"href":"https:\/\/mediarun.com\/pl\/wp-json\/wp\/v2\/media\/83570"}],"wp:attachment":[{"href":"https:\/\/mediarun.com\/pl\/wp-json\/wp\/v2\/media?parent=83569"}],"wp:term":[{"taxonomy":"category","embeddable":true,"href":"https:\/\/mediarun.com\/pl\/wp-json\/wp\/v2\/categories?post=83569"},{"taxonomy":"post_tag","embeddable":true,"href":"https:\/\/mediarun.com\/pl\/wp-json\/wp\/v2\/tags?post=83569"}],"curies":[{"name":"wp","href":"https:\/\/api.w.org\/{rel}","templated":true}]}}