{"id":83567,"date":"2005-12-15T13:19:34","date_gmt":"2005-12-15T12:19:34","guid":{"rendered":"https:\/\/mediarun.com\/index.php\/news-posts\/deportowana-dziennikarka-tvp\/"},"modified":"2005-12-15T13:19:34","modified_gmt":"2005-12-15T12:19:34","slug":"deportowana-dziennikarka-tvp","status":"publish","type":"post","link":"https:\/\/mediarun.com\/pl\/media\/tv\/deportowana-dziennikarka-tvp.html","title":{"rendered":"Deportowana dziennikarka TVP"},"content":{"rendered":"<p>&#8211; Stale pilnowana przez funkcjonariuszki Wojsk Pogranicznych sp\u0119dzi\u0142a noc w lotniskowym hotelu dla deportowanych. W \u015brod\u0119 pogranicznicy anulowali jej wiz\u0119, wr\u0119czyli decyzj\u0119 o deportacji i wsadzili do samolotu do Polski. Na decyzji jako przyczyn\u0119 deportacji napisali ,z innych przyczyn. Jakich konkretnie, nie wiemy. Niczego nie dowiedzia\u0142 si\u0119 tak\u017ce konsul Miros\u0142aw Jagielski. kt\u00f3ry pr\u00f3bowa\u0142 si\u0119 spotka\u0107 zzatrzyman\u0105 dziennikark\u0105. Pogranicznicy nie chcieli go do niej przepu\u015bci\u0107, t\u0142umacz\u0105c, \u017ce Romaszewska formalnie nie znalaz\u0142a si\u0119 na terytorium Bia\u0142orusi. Zaden bia\u0142oruski urz\u0105d nie chce wyja\u015bni\u0107, dlaczego dziennikarka zosta\u0142a wyrzucona. Rzecznika bia\u0142oruskiego MSZ sta\u0107 by\u0142o tylko na stwierdzenie, \u017ce nie ma to nic wsp\u00f3lnego zjej dzia\u0142alno\u015bci\u0105 dziennikarsk\u0105. Od rzecznika Wojsk Pogranicznych pp\u0142k. Jurija Kozaczenki us\u0142yszeli\u015bmy, \u017ce w tym przypadku pogranicznicy dzia\u0142ali zgodnie Z prawem. Rzecznik KGB odm\u00f3wi\u0142 komentarzy. Prawdziwa przyczyna deportowania korespondentki TVP jest jednak jasna. W przysz\u0142ym roku na Bia\u0142orusi b\u0119d\u0105 wybory prezydenckie, kt\u00f3re Aleksander \u0141ukaszenko ubiegaj\u0105cy si\u0119 o trzeci\u0105 kadencj\u0119 zamierza wygra\u0107 jak sam to okre\u015bla elegancko, czyli mia\u017cd\u017c\u0105c\u0105 przewag\u0105. Mo\u017cna si\u0119 spodziewa\u0107, \u017ce wielu innych korespondent\u00f3w zagranicznych straci wkr\u00f3tce mo\u017cliwo\u015b\u0107 pracy na Bia\u0142orusi. &#8211; pisze &#8222;Gazeta Wyborcza&#8221;<\/p>\n","protected":false},"excerpt":{"rendered":"Po dobie przetrzymywania na lotnisku w Mi\u0144sku w\u0142adze Bia\u0142orusi deportowa\u0142y wczoraj akredytowan\u0105 w tym kraju korespondentk\u0119 TVP Agnieszk\u0119 Romaszewsk\u0105. Nadal nie wiemy jednak za co Romaszewska, kt\u00f3ra ma wiz\u0119. akrudytacj\u0119 dziennikarsk\u0105 i zameldowanie na Bia\u0142orusi, zosta\u0142a zatrzymana we wtorek na mi\u0144skim lotnisku po przylocie z Warszawy. &#8211; czytamy w &#8222;Gazecie Wyborczej&#8221;","protected":false},"author":1,"featured_media":83568,"comment_status":"open","ping_status":"closed","sticky":false,"template":"","format":"standard","meta":{"csco_display_header_overlay":false,"csco_singular_sidebar":"","csco_page_header_type":"","csco_page_load_nextpost":"","csco_post_video_location":[],"csco_post_video_location_hash":"","csco_post_video_url":"","csco_post_video_bg_start_time":0,"csco_post_video_bg_end_time":0,"footnotes":""},"categories":[9670],"tags":[],"class_list":{"0":"post-83567","1":"post","2":"type-post","3":"status-publish","4":"format-standard","5":"has-post-thumbnail","7":"category-tv","8":"cs-entry","9":"cs-video-wrap"},"_links":{"self":[{"href":"https:\/\/mediarun.com\/pl\/wp-json\/wp\/v2\/posts\/83567","targetHints":{"allow":["GET"]}}],"collection":[{"href":"https:\/\/mediarun.com\/pl\/wp-json\/wp\/v2\/posts"}],"about":[{"href":"https:\/\/mediarun.com\/pl\/wp-json\/wp\/v2\/types\/post"}],"author":[{"embeddable":true,"href":"https:\/\/mediarun.com\/pl\/wp-json\/wp\/v2\/users\/1"}],"replies":[{"embeddable":true,"href":"https:\/\/mediarun.com\/pl\/wp-json\/wp\/v2\/comments?post=83567"}],"version-history":[{"count":0,"href":"https:\/\/mediarun.com\/pl\/wp-json\/wp\/v2\/posts\/83567\/revisions"}],"wp:featuredmedia":[{"embeddable":true,"href":"https:\/\/mediarun.com\/pl\/wp-json\/wp\/v2\/media\/83568"}],"wp:attachment":[{"href":"https:\/\/mediarun.com\/pl\/wp-json\/wp\/v2\/media?parent=83567"}],"wp:term":[{"taxonomy":"category","embeddable":true,"href":"https:\/\/mediarun.com\/pl\/wp-json\/wp\/v2\/categories?post=83567"},{"taxonomy":"post_tag","embeddable":true,"href":"https:\/\/mediarun.com\/pl\/wp-json\/wp\/v2\/tags?post=83567"}],"curies":[{"name":"wp","href":"https:\/\/api.w.org\/{rel}","templated":true}]}}